{"id":1197,"date":"2022-12-21T10:17:00","date_gmt":"2022-12-21T09:17:00","guid":{"rendered":"http:\/\/mtl.hamstage.hamrenmedia.se\/test\/"},"modified":"2023-03-28T10:17:19","modified_gmt":"2023-03-28T08:17:19","slug":"intervju-han-leder-pionjarprojekt-for-virtuella-kliniska-provningar-av-fotonraknande-ct","status":"publish","type":"post","link":"https:\/\/www.medtechlabs.se\/sv\/intervju-han-leder-pionjarprojekt-for-virtuella-kliniska-provningar-av-fotonraknande-ct\/","title":{"rendered":"Intervju: Han leder pionj\u00e4rprojekt f\u00f6r virtuella kliniska pr\u00f6vningar av fotonr\u00e4knande CT"},"content":{"rendered":"\n<pre class=\"wp-block-hw-ingress-box\">Projektet, finansierat av Stiftelsen f\u00f6r strategisk forskning (SSF), sker i samarbete med GE Healthcare och leds av Erik Fredenberg, adjungerad professor vid KTH.<\/pre>\n\n\n\n<p>Vi tr\u00e4ffar Erik Fredenberg en onsdagsmorgon i forskarhuset Bioclinicum, som \u00e4r ihopbyggt med Karolinska Universitetssjukhuset i Solna. I somras blev han adjungerad professor vid KTH och ska leda arbetet runt virtuella kliniska pr\u00f6vningar med den fotonr\u00e4knande CT som st\u00e5r i MedTechLabs CT-labb, bara n\u00e5gra meter fr\u00e5n d\u00e4r vi befinner oss. Projektet, finansierat av Stiftelsen f\u00f6r strategisk forskning (SSF), sker i samarbete med GE Healthcare, som st\u00e5r bakom delar av tekniken, bland annat de nya kiseldetektorerna i maskinen.<\/p>\n\n\n\n<p><strong>Grattis till nya tj\u00e4nsten och projektet. Vad kommer du att arbeta med?<\/strong><\/p>\n\n\n\n<p>\u2013 Tack! Projektet jag ska leda bygger p\u00e5 ett forskningsbidrag fr\u00e5n SSF och det s\u00f6kte jag f\u00f6r tv\u00e5 \u00e5r sen ungef\u00e4r, som ett samarbete mellan industri och akademi. SSF-medlen finansierar en halv dag i veckan av mitt arbete och GE Healthcare st\u00e5r f\u00f6r en halv dag till, s\u00e5 totalt en dag i veckan. Sen \u00e4r KTH mottagande universitet f\u00f6r projektet, s\u00e5 min anst\u00e4llning \u00e4r d\u00e4r. Projektet anknyter till min befintliga tj\u00e4nst p\u00e5 GE Healthcare och ska bidra till utbytet mellan industri och akademi. I stort sett kommer projektet genomf\u00f6ras som n\u00e4r vi skrev ans\u00f6kan, men statusen har flyttats fram eftersom forskningen hunnit l\u00e4ngre. S\u00e5 vi har ett \u00e4nnu b\u00e4ttre l\u00e4ge att \u00e5stadkomma resultat nu. Jag kommer eventuellt \u00e4ven att undervisa i form av handledning av studenter. Min arbetsplats forts\u00e4tter vara GE Healthcares lokaler p\u00e5 Alba Nova, d\u00e4r jag redan \u00e4r granne med forskargruppen p\u00e5 KTH, samt h\u00e4r i MedTechLabs CT-labb p\u00e5 BioClinicum.<\/p>\n\n\n\n<p><strong>Kan du ber\u00e4tta mer om projektet och vad det ska leda till?<\/strong><\/p>\n\n\n\n<p>\u2013 Jag kommer ursprungligen fr\u00e5n mammografiomr\u00e5det d\u00e4r vi ocks\u00e5 arbetat med fotonr\u00e4kning. Redan d\u00e5 kunde vi se stora f\u00f6rdelar med fotonr\u00e4kning men en begr\u00e4nsning var att det inte fanns s\u00e5 mycket applikationer av tekniken i klinisk drift. Som utvecklare av ny teknik beh\u00f6ver man \u00e4ven f\u00f6rklara och ge v\u00e4gledning runt hur denna kan anv\u00e4ndas. Fotonr\u00e4knande CT kan g\u00f6ra v\u00e4ldigt m\u00e5nga saker, men det \u00e4r viktigt att ocks\u00e5 visa p\u00e5 till\u00e4mpningar och deras f\u00f6rdelar, var och hur tekniken kan vara anv\u00e4ndbar. Och just d\u00e4rf\u00f6r kr\u00e4vs ett effektivt och bra tekniskt ramverk f\u00f6r att kunna testa alla t\u00e4nkbara applikationer. Det \u00e4r h\u00e4r de virtuella kliniska pr\u00f6vningarna kommer in i bilden. Man beh\u00f6ver visa i en sammanh\u00e5llen milj\u00f6 hur s\u00e5dant som till exempel f\u00f6rb\u00e4ttrad jodkontrast kan p\u00e5verka den kliniska vardagen. Resultat fr\u00e5n s\u00e5dana tekniska test kan ocks\u00e5 fungera som bas f\u00f6r efterf\u00f6ljande kliniska studier med patienter. Det finns en m\u00e4ngd helt nya applikationer som kan \u00e5stadkommas genom den f\u00f6rb\u00e4ttrade spatiella uppl\u00f6sning som fotonr\u00e4knande CT ger och m\u00f6jligheten att m\u00e4ta fotonernas energi, allts\u00e5 str\u00e5lningens \u201df\u00e4rg\u201d. Det \u00e4r en ny v\u00e4rld som \u00f6ppnas och h\u00e4r finns m\u00e5nga id\u00e9er och m\u00f6jligheter, men de beh\u00f6ver som sagt testas. GE har redan ett simuleringsverktyg f\u00f6r CT-avbildning som vi vidareutvecklar f\u00f6r fotonr\u00e4kning och som vi \u00e4ven kommer att validera med m\u00e4tningar i labbet. Med det b\u00f6rjar vi att testa enklare till\u00e4mpningar, p\u00e5 l\u00e4ngre sikt vill vi kunna k\u00f6ra kompletta virtuella kliniska pr\u00f6vningar och sen \u00e4r visionen att f\u00e5 dem s\u00e5 bra att de kan bli del av en regulatorisk pr\u00f6vning.<\/p>\n\n\n\n<p><strong>Varf\u00f6r beh\u00f6vs virtuella kliniska pr\u00f6vningar \u2013 det finns ju vanliga?<\/strong><\/p>\n\n\n\n<p>\u2013 Kliniska pr\u00f6vningar \u00e4r b\u00e4st, men de \u00e4r dyra och tar l\u00e5ng tid. Plus att det trots allt inneb\u00e4r str\u00e5lning av patienter, vilket b\u00f6r minimeras. S\u00e5 det finns ett behov av att testa applikationer tekniskt, virtuellt, innan man p\u00e5b\u00f6rjar en klinisk pr\u00f6vning. Termen virtuell klinisk pr\u00f6vning har funnits n\u00e5gra \u00e5r och b\u00f6rjade, s\u00e5 vitt jag vet, inom mammografi. Vid virtuella kliniska pr\u00f6vningar simuleras hela bildtagningsprocessen i en dator. D\u00e4r finns ett mjukvarufantom, en virtuell m\u00e4nniska med organ, och s\u00e5 simulerar man str\u00e5lning, detektion, ja till och med observationsprocessen, d.v.s. arbetet fr\u00e5n radiologen eller annan expert kan l\u00e4ggas in i simuleringen. Eventuellt kommer man att kunna anv\u00e4nda detta som del av en regulatorisk pr\u00f6vning. Bland andra amerikanska FDA jobbar f\u00f6r att man ska kunna komma dit till slut.<\/p>\n\n\n\n<p><strong>Hur kan ert forskningsprojekt bidra till utvecklingen p\u00e5 CT-omr\u00e5det?<\/strong><\/p>\n\n\n\n<p>\u2013 F\u00f6rhoppningsvis kommer det vi g\u00f6r h\u00e4r att smitta av sig till andra som arbetar p\u00e5 omr\u00e5det. Det h\u00e4nder mycket runt utvecklingen av fotonr\u00e4knande CT och n\u00e4r vi visar det och nu \u00e4ven tar den till kliniska simuleringar, s\u00e5 kan det \u00f6ka intresset i regionen och leda till mer forskning. Det h\u00e4r \u00e4r n\u00e4sta stora steg inom CT sen introduktionen av halvledardetektorer p\u00e5 80-talet. CT \u00e4r ju ocks\u00e5 den st\u00f6rsta r\u00f6ntgenmodaliteten i v\u00e4rlden idag. Att vi befinner oss vid kanten av n\u00e5got revolutionerande bevisas \u00e4ven av att de stora f\u00f6retagen nu satsar mer \u00e4n n\u00e5gonsin p\u00e5 utvecklingen av fotonr\u00e4knande CT.<\/p>\n\n\n\n<p><strong>Vad t\u00e4nker du om forskningsinfrastrukturen, CT-labbet, som finns h\u00e4r?<\/strong><\/p>\n\n\n\n<p>\u2013 Den \u00e4r ov\u00e4rderlig och funkar otroligt bra. Vi h\u00e5ller p\u00e5 att k\u00f6ra en klinisk studie redan och samarbetet med sjukhuset fungerar j\u00e4ttesmidigt med patienter och v\u00e5rt \u201dgantry\u201d, maskinen som st\u00e5r h\u00e4r. Innan var den placerad p\u00e5 Alba Nova och vi tog bilder p\u00e5 de f\u00f6rsta patienterna d\u00e4r, men det var r\u00e4tt osmidigt. H\u00e4r finns l\u00e4kare, sjuksk\u00f6terskor och patienter samlade p\u00e5 plats. \u00d6vriga GE Healthcare och andra som vi arbetar med tycker ocks\u00e5 att det \u00e4r ett fantastiskt l\u00e4ge f\u00f6r att kunna samarbete med Karolinska Universitetssjukhuset. Bioclinicum i sig \u00e4r ocks\u00e5 en sp\u00e4nnande brygga mellan olika akt\u00f6rer \u2013 sjukv\u00e5rden, akademin och industrin. Sen \u00e4r det ju sk\u00f6nt att CT-labbet ligger geografiskt n\u00e4ra v\u00e5ra lokaler p\u00e5 GE Healthcare och inte i n\u00e5gon helt annan del av landet. H\u00e4r har vi egna lokaler d\u00e4r vi kan tr\u00e4ffa l\u00e4karna fysiskt i lugn och ro och prata med dem om bilderna. De slipper \u00e5ka till Alba Nova, vilket \u00e4r viktigt eftersom de har sin kliniska vardag. Man vill verkligen kunna ge dem vinsten av att slippa resan bort fr\u00e5n sjukhuset och deras patienter.<\/p>\n","protected":false},"excerpt":{"rendered":"<p>Vi tr\u00e4ffar Erik Fredenberg en onsdagsmorgon i forskarhuset Bioclinicum, som \u00e4r ihopbyggt med Karolinska Universitetssjukhuset i Solna. I somras blev han adjungerad professor vid KTH och ska leda arbetet runt virtuella kliniska pr\u00f6vningar med den fotonr\u00e4knande CT som st\u00e5r i MedTechLabs CT-labb, bara n\u00e5gra meter fr\u00e5n d\u00e4r vi befinner oss. Projektet, finansierat av Stiftelsen f\u00f6r [&hellip;]<\/p>\n","protected":false},"author":1,"featured_media":180,"comment_status":"closed","ping_status":"closed","sticky":false,"template":"","format":"standard","meta":{"_acf_changed":false,"footnotes":""},"categories":[25],"tags":[],"class_list":["post-1197","post","type-post","status-publish","format-standard","has-post-thumbnail","hentry","category-news-sv"],"acf":[],"yoast_head":"<!-- This site is optimized with the Yoast SEO plugin v27.1 - https:\/\/yoast.com\/product\/yoast-seo-wordpress\/ -->\n<title>Intervju: Han leder pionj\u00e4rprojekt f\u00f6r virtuella kliniska pr\u00f6vningar av fotonr\u00e4knande CT - Medtechlabs<\/title>\n<meta name=\"robots\" content=\"index, follow, max-snippet:-1, max-image-preview:large, max-video-preview:-1\" \/>\n<link rel=\"canonical\" href=\"https:\/\/www.medtechlabs.se\/sv\/intervju-han-leder-pionjarprojekt-for-virtuella-kliniska-provningar-av-fotonraknande-ct\/\" \/>\n<meta property=\"og:locale\" content=\"sv_SE\" \/>\n<meta property=\"og:type\" content=\"article\" \/>\n<meta property=\"og:title\" content=\"Intervju: Han leder pionj\u00e4rprojekt f\u00f6r virtuella kliniska pr\u00f6vningar av fotonr\u00e4knande CT - Medtechlabs\" \/>\n<meta property=\"og:description\" content=\"Vi tr\u00e4ffar Erik Fredenberg en onsdagsmorgon i forskarhuset Bioclinicum, som \u00e4r ihopbyggt med Karolinska Universitetssjukhuset i Solna. I somras blev han adjungerad professor vid KTH och ska leda arbetet runt virtuella kliniska pr\u00f6vningar med den fotonr\u00e4knande CT som st\u00e5r i MedTechLabs CT-labb, bara n\u00e5gra meter fr\u00e5n d\u00e4r vi befinner oss. Projektet, finansierat av Stiftelsen f\u00f6r [&hellip;]\" \/>\n<meta property=\"og:url\" content=\"https:\/\/www.medtechlabs.se\/sv\/intervju-han-leder-pionjarprojekt-for-virtuella-kliniska-provningar-av-fotonraknande-ct\/\" \/>\n<meta property=\"og:site_name\" content=\"Medtechlabs\" \/>\n<meta property=\"article:published_time\" content=\"2022-12-21T09:17:00+00:00\" \/>\n<meta property=\"article:modified_time\" content=\"2023-03-28T08:17:19+00:00\" \/>\n<meta property=\"og:image\" content=\"https:\/\/www.medtechlabs.se\/wp-content\/uploads\/2023\/02\/Erik_Hugo_small.jpg\" \/>\n\t<meta property=\"og:image:width\" content=\"1280\" \/>\n\t<meta property=\"og:image:height\" content=\"960\" \/>\n\t<meta property=\"og:image:type\" content=\"image\/jpeg\" \/>\n<meta name=\"author\" content=\"hamren\" \/>\n<meta name=\"twitter:card\" content=\"summary_large_image\" \/>\n<meta name=\"twitter:label1\" content=\"Skriven av\" \/>\n\t<meta name=\"twitter:data1\" content=\"hamren\" \/>\n\t<meta name=\"twitter:label2\" content=\"Ber\u00e4knad l\u00e4stid\" \/>\n\t<meta name=\"twitter:data2\" content=\"5 minuter\" \/>\n<script type=\"application\/ld+json\" class=\"yoast-schema-graph\">{\"@context\":\"https:\/\/schema.org\",\"@graph\":[{\"@type\":\"Article\",\"@id\":\"https:\/\/www.medtechlabs.se\/sv\/intervju-han-leder-pionjarprojekt-for-virtuella-kliniska-provningar-av-fotonraknande-ct\/#article\",\"isPartOf\":{\"@id\":\"https:\/\/www.medtechlabs.se\/sv\/intervju-han-leder-pionjarprojekt-for-virtuella-kliniska-provningar-av-fotonraknande-ct\/\"},\"author\":{\"name\":\"hamren\",\"@id\":\"https:\/\/www.medtechlabs.se\/sv\/#\/schema\/person\/8f7c16e08edaff813068a2d6a1adb496\"},\"headline\":\"Intervju: Han leder pionj\u00e4rprojekt f\u00f6r virtuella kliniska pr\u00f6vningar av fotonr\u00e4knande CT\",\"datePublished\":\"2022-12-21T09:17:00+00:00\",\"dateModified\":\"2023-03-28T08:17:19+00:00\",\"mainEntityOfPage\":{\"@id\":\"https:\/\/www.medtechlabs.se\/sv\/intervju-han-leder-pionjarprojekt-for-virtuella-kliniska-provningar-av-fotonraknande-ct\/\"},\"wordCount\":1108,\"publisher\":{\"@id\":\"https:\/\/www.medtechlabs.se\/sv\/#organization\"},\"image\":{\"@id\":\"https:\/\/www.medtechlabs.se\/sv\/intervju-han-leder-pionjarprojekt-for-virtuella-kliniska-provningar-av-fotonraknande-ct\/#primaryimage\"},\"thumbnailUrl\":\"https:\/\/www.medtechlabs.se\/wp-content\/uploads\/2023\/02\/Erik_Hugo_small.jpg\",\"articleSection\":[\"Nyheter\"],\"inLanguage\":\"sv-SE\"},{\"@type\":\"WebPage\",\"@id\":\"https:\/\/www.medtechlabs.se\/sv\/intervju-han-leder-pionjarprojekt-for-virtuella-kliniska-provningar-av-fotonraknande-ct\/\",\"url\":\"https:\/\/www.medtechlabs.se\/sv\/intervju-han-leder-pionjarprojekt-for-virtuella-kliniska-provningar-av-fotonraknande-ct\/\",\"name\":\"Intervju: Han leder pionj\u00e4rprojekt f\u00f6r virtuella kliniska pr\u00f6vningar av fotonr\u00e4knande CT - Medtechlabs\",\"isPartOf\":{\"@id\":\"https:\/\/www.medtechlabs.se\/sv\/#website\"},\"primaryImageOfPage\":{\"@id\":\"https:\/\/www.medtechlabs.se\/sv\/intervju-han-leder-pionjarprojekt-for-virtuella-kliniska-provningar-av-fotonraknande-ct\/#primaryimage\"},\"image\":{\"@id\":\"https:\/\/www.medtechlabs.se\/sv\/intervju-han-leder-pionjarprojekt-for-virtuella-kliniska-provningar-av-fotonraknande-ct\/#primaryimage\"},\"thumbnailUrl\":\"https:\/\/www.medtechlabs.se\/wp-content\/uploads\/2023\/02\/Erik_Hugo_small.jpg\",\"datePublished\":\"2022-12-21T09:17:00+00:00\",\"dateModified\":\"2023-03-28T08:17:19+00:00\",\"breadcrumb\":{\"@id\":\"https:\/\/www.medtechlabs.se\/sv\/intervju-han-leder-pionjarprojekt-for-virtuella-kliniska-provningar-av-fotonraknande-ct\/#breadcrumb\"},\"inLanguage\":\"sv-SE\",\"potentialAction\":[{\"@type\":\"ReadAction\",\"target\":[\"https:\/\/www.medtechlabs.se\/sv\/intervju-han-leder-pionjarprojekt-for-virtuella-kliniska-provningar-av-fotonraknande-ct\/\"]}]},{\"@type\":\"ImageObject\",\"inLanguage\":\"sv-SE\",\"@id\":\"https:\/\/www.medtechlabs.se\/sv\/intervju-han-leder-pionjarprojekt-for-virtuella-kliniska-provningar-av-fotonraknande-ct\/#primaryimage\",\"url\":\"https:\/\/www.medtechlabs.se\/wp-content\/uploads\/2023\/02\/Erik_Hugo_small.jpg\",\"contentUrl\":\"https:\/\/www.medtechlabs.se\/wp-content\/uploads\/2023\/02\/Erik_Hugo_small.jpg\",\"width\":1280,\"height\":960},{\"@type\":\"BreadcrumbList\",\"@id\":\"https:\/\/www.medtechlabs.se\/sv\/intervju-han-leder-pionjarprojekt-for-virtuella-kliniska-provningar-av-fotonraknande-ct\/#breadcrumb\",\"itemListElement\":[{\"@type\":\"ListItem\",\"position\":1,\"name\":\"Home\",\"item\":\"https:\/\/www.medtechlabs.se\/sv\/\"},{\"@type\":\"ListItem\",\"position\":2,\"name\":\"Intervju: Han leder pionj\u00e4rprojekt f\u00f6r virtuella kliniska pr\u00f6vningar av fotonr\u00e4knande CT\"}]},{\"@type\":\"WebSite\",\"@id\":\"https:\/\/www.medtechlabs.se\/sv\/#website\",\"url\":\"https:\/\/www.medtechlabs.se\/sv\/\",\"name\":\"Medtechlabs\",\"description\":\"\",\"publisher\":{\"@id\":\"https:\/\/www.medtechlabs.se\/sv\/#organization\"},\"potentialAction\":[{\"@type\":\"SearchAction\",\"target\":{\"@type\":\"EntryPoint\",\"urlTemplate\":\"https:\/\/www.medtechlabs.se\/sv\/?s={search_term_string}\"},\"query-input\":{\"@type\":\"PropertyValueSpecification\",\"valueRequired\":true,\"valueName\":\"search_term_string\"}}],\"inLanguage\":\"sv-SE\"},{\"@type\":\"Organization\",\"@id\":\"https:\/\/www.medtechlabs.se\/sv\/#organization\",\"name\":\"Medtechlabs\",\"url\":\"https:\/\/www.medtechlabs.se\/sv\/\",\"logo\":{\"@type\":\"ImageObject\",\"inLanguage\":\"sv-SE\",\"@id\":\"https:\/\/www.medtechlabs.se\/sv\/#\/schema\/logo\/image\/\",\"url\":\"https:\/\/www.medtechlabs.se\/wp-content\/uploads\/2023\/02\/medtechlabs_logo_RGB_orange-65.png\",\"contentUrl\":\"https:\/\/www.medtechlabs.se\/wp-content\/uploads\/2023\/02\/medtechlabs_logo_RGB_orange-65.png\",\"width\":480,\"height\":60,\"caption\":\"Medtechlabs\"},\"image\":{\"@id\":\"https:\/\/www.medtechlabs.se\/sv\/#\/schema\/logo\/image\/\"}},{\"@type\":\"Person\",\"@id\":\"https:\/\/www.medtechlabs.se\/sv\/#\/schema\/person\/8f7c16e08edaff813068a2d6a1adb496\",\"name\":\"hamren\",\"image\":{\"@type\":\"ImageObject\",\"inLanguage\":\"sv-SE\",\"@id\":\"https:\/\/www.medtechlabs.se\/sv\/#\/schema\/person\/image\/\",\"url\":\"https:\/\/secure.gravatar.com\/avatar\/7057011de81052044391537cdb2a848061d23579e007d1cf6d51dfc39d69302e?s=96&d=mm&r=g\",\"contentUrl\":\"https:\/\/secure.gravatar.com\/avatar\/7057011de81052044391537cdb2a848061d23579e007d1cf6d51dfc39d69302e?s=96&d=mm&r=g\",\"caption\":\"hamren\"},\"sameAs\":[\"https:\/\/www.medtechlabs.se\"],\"url\":\"https:\/\/www.medtechlabs.se\/sv\/author\/hamren\/\"}]}<\/script>\n<!-- \/ Yoast SEO plugin. -->","yoast_head_json":{"title":"Intervju: Han leder pionj\u00e4rprojekt f\u00f6r virtuella kliniska pr\u00f6vningar av fotonr\u00e4knande CT - Medtechlabs","robots":{"index":"index","follow":"follow","max-snippet":"max-snippet:-1","max-image-preview":"max-image-preview:large","max-video-preview":"max-video-preview:-1"},"canonical":"https:\/\/www.medtechlabs.se\/sv\/intervju-han-leder-pionjarprojekt-for-virtuella-kliniska-provningar-av-fotonraknande-ct\/","og_locale":"sv_SE","og_type":"article","og_title":"Intervju: Han leder pionj\u00e4rprojekt f\u00f6r virtuella kliniska pr\u00f6vningar av fotonr\u00e4knande CT - Medtechlabs","og_description":"Vi tr\u00e4ffar Erik Fredenberg en onsdagsmorgon i forskarhuset Bioclinicum, som \u00e4r ihopbyggt med Karolinska Universitetssjukhuset i Solna. I somras blev han adjungerad professor vid KTH och ska leda arbetet runt virtuella kliniska pr\u00f6vningar med den fotonr\u00e4knande CT som st\u00e5r i MedTechLabs CT-labb, bara n\u00e5gra meter fr\u00e5n d\u00e4r vi befinner oss. Projektet, finansierat av Stiftelsen f\u00f6r [&hellip;]","og_url":"https:\/\/www.medtechlabs.se\/sv\/intervju-han-leder-pionjarprojekt-for-virtuella-kliniska-provningar-av-fotonraknande-ct\/","og_site_name":"Medtechlabs","article_published_time":"2022-12-21T09:17:00+00:00","article_modified_time":"2023-03-28T08:17:19+00:00","og_image":[{"width":1280,"height":960,"url":"https:\/\/www.medtechlabs.se\/wp-content\/uploads\/2023\/02\/Erik_Hugo_small.jpg","type":"image\/jpeg"}],"author":"hamren","twitter_card":"summary_large_image","twitter_misc":{"Skriven av":"hamren","Ber\u00e4knad l\u00e4stid":"5 minuter"},"schema":{"@context":"https:\/\/schema.org","@graph":[{"@type":"Article","@id":"https:\/\/www.medtechlabs.se\/sv\/intervju-han-leder-pionjarprojekt-for-virtuella-kliniska-provningar-av-fotonraknande-ct\/#article","isPartOf":{"@id":"https:\/\/www.medtechlabs.se\/sv\/intervju-han-leder-pionjarprojekt-for-virtuella-kliniska-provningar-av-fotonraknande-ct\/"},"author":{"name":"hamren","@id":"https:\/\/www.medtechlabs.se\/sv\/#\/schema\/person\/8f7c16e08edaff813068a2d6a1adb496"},"headline":"Intervju: Han leder pionj\u00e4rprojekt f\u00f6r virtuella kliniska pr\u00f6vningar av fotonr\u00e4knande CT","datePublished":"2022-12-21T09:17:00+00:00","dateModified":"2023-03-28T08:17:19+00:00","mainEntityOfPage":{"@id":"https:\/\/www.medtechlabs.se\/sv\/intervju-han-leder-pionjarprojekt-for-virtuella-kliniska-provningar-av-fotonraknande-ct\/"},"wordCount":1108,"publisher":{"@id":"https:\/\/www.medtechlabs.se\/sv\/#organization"},"image":{"@id":"https:\/\/www.medtechlabs.se\/sv\/intervju-han-leder-pionjarprojekt-for-virtuella-kliniska-provningar-av-fotonraknande-ct\/#primaryimage"},"thumbnailUrl":"https:\/\/www.medtechlabs.se\/wp-content\/uploads\/2023\/02\/Erik_Hugo_small.jpg","articleSection":["Nyheter"],"inLanguage":"sv-SE"},{"@type":"WebPage","@id":"https:\/\/www.medtechlabs.se\/sv\/intervju-han-leder-pionjarprojekt-for-virtuella-kliniska-provningar-av-fotonraknande-ct\/","url":"https:\/\/www.medtechlabs.se\/sv\/intervju-han-leder-pionjarprojekt-for-virtuella-kliniska-provningar-av-fotonraknande-ct\/","name":"Intervju: Han leder pionj\u00e4rprojekt f\u00f6r virtuella kliniska pr\u00f6vningar av fotonr\u00e4knande CT - Medtechlabs","isPartOf":{"@id":"https:\/\/www.medtechlabs.se\/sv\/#website"},"primaryImageOfPage":{"@id":"https:\/\/www.medtechlabs.se\/sv\/intervju-han-leder-pionjarprojekt-for-virtuella-kliniska-provningar-av-fotonraknande-ct\/#primaryimage"},"image":{"@id":"https:\/\/www.medtechlabs.se\/sv\/intervju-han-leder-pionjarprojekt-for-virtuella-kliniska-provningar-av-fotonraknande-ct\/#primaryimage"},"thumbnailUrl":"https:\/\/www.medtechlabs.se\/wp-content\/uploads\/2023\/02\/Erik_Hugo_small.jpg","datePublished":"2022-12-21T09:17:00+00:00","dateModified":"2023-03-28T08:17:19+00:00","breadcrumb":{"@id":"https:\/\/www.medtechlabs.se\/sv\/intervju-han-leder-pionjarprojekt-for-virtuella-kliniska-provningar-av-fotonraknande-ct\/#breadcrumb"},"inLanguage":"sv-SE","potentialAction":[{"@type":"ReadAction","target":["https:\/\/www.medtechlabs.se\/sv\/intervju-han-leder-pionjarprojekt-for-virtuella-kliniska-provningar-av-fotonraknande-ct\/"]}]},{"@type":"ImageObject","inLanguage":"sv-SE","@id":"https:\/\/www.medtechlabs.se\/sv\/intervju-han-leder-pionjarprojekt-for-virtuella-kliniska-provningar-av-fotonraknande-ct\/#primaryimage","url":"https:\/\/www.medtechlabs.se\/wp-content\/uploads\/2023\/02\/Erik_Hugo_small.jpg","contentUrl":"https:\/\/www.medtechlabs.se\/wp-content\/uploads\/2023\/02\/Erik_Hugo_small.jpg","width":1280,"height":960},{"@type":"BreadcrumbList","@id":"https:\/\/www.medtechlabs.se\/sv\/intervju-han-leder-pionjarprojekt-for-virtuella-kliniska-provningar-av-fotonraknande-ct\/#breadcrumb","itemListElement":[{"@type":"ListItem","position":1,"name":"Home","item":"https:\/\/www.medtechlabs.se\/sv\/"},{"@type":"ListItem","position":2,"name":"Intervju: Han leder pionj\u00e4rprojekt f\u00f6r virtuella kliniska pr\u00f6vningar av fotonr\u00e4knande CT"}]},{"@type":"WebSite","@id":"https:\/\/www.medtechlabs.se\/sv\/#website","url":"https:\/\/www.medtechlabs.se\/sv\/","name":"Medtechlabs","description":"","publisher":{"@id":"https:\/\/www.medtechlabs.se\/sv\/#organization"},"potentialAction":[{"@type":"SearchAction","target":{"@type":"EntryPoint","urlTemplate":"https:\/\/www.medtechlabs.se\/sv\/?s={search_term_string}"},"query-input":{"@type":"PropertyValueSpecification","valueRequired":true,"valueName":"search_term_string"}}],"inLanguage":"sv-SE"},{"@type":"Organization","@id":"https:\/\/www.medtechlabs.se\/sv\/#organization","name":"Medtechlabs","url":"https:\/\/www.medtechlabs.se\/sv\/","logo":{"@type":"ImageObject","inLanguage":"sv-SE","@id":"https:\/\/www.medtechlabs.se\/sv\/#\/schema\/logo\/image\/","url":"https:\/\/www.medtechlabs.se\/wp-content\/uploads\/2023\/02\/medtechlabs_logo_RGB_orange-65.png","contentUrl":"https:\/\/www.medtechlabs.se\/wp-content\/uploads\/2023\/02\/medtechlabs_logo_RGB_orange-65.png","width":480,"height":60,"caption":"Medtechlabs"},"image":{"@id":"https:\/\/www.medtechlabs.se\/sv\/#\/schema\/logo\/image\/"}},{"@type":"Person","@id":"https:\/\/www.medtechlabs.se\/sv\/#\/schema\/person\/8f7c16e08edaff813068a2d6a1adb496","name":"hamren","image":{"@type":"ImageObject","inLanguage":"sv-SE","@id":"https:\/\/www.medtechlabs.se\/sv\/#\/schema\/person\/image\/","url":"https:\/\/secure.gravatar.com\/avatar\/7057011de81052044391537cdb2a848061d23579e007d1cf6d51dfc39d69302e?s=96&d=mm&r=g","contentUrl":"https:\/\/secure.gravatar.com\/avatar\/7057011de81052044391537cdb2a848061d23579e007d1cf6d51dfc39d69302e?s=96&d=mm&r=g","caption":"hamren"},"sameAs":["https:\/\/www.medtechlabs.se"],"url":"https:\/\/www.medtechlabs.se\/sv\/author\/hamren\/"}]}},"_links":{"self":[{"href":"https:\/\/www.medtechlabs.se\/sv\/wp-json\/wp\/v2\/posts\/1197","targetHints":{"allow":["GET"]}}],"collection":[{"href":"https:\/\/www.medtechlabs.se\/sv\/wp-json\/wp\/v2\/posts"}],"about":[{"href":"https:\/\/www.medtechlabs.se\/sv\/wp-json\/wp\/v2\/types\/post"}],"author":[{"embeddable":true,"href":"https:\/\/www.medtechlabs.se\/sv\/wp-json\/wp\/v2\/users\/1"}],"replies":[{"embeddable":true,"href":"https:\/\/www.medtechlabs.se\/sv\/wp-json\/wp\/v2\/comments?post=1197"}],"version-history":[{"count":3,"href":"https:\/\/www.medtechlabs.se\/sv\/wp-json\/wp\/v2\/posts\/1197\/revisions"}],"predecessor-version":[{"id":1201,"href":"https:\/\/www.medtechlabs.se\/sv\/wp-json\/wp\/v2\/posts\/1197\/revisions\/1201"}],"wp:featuredmedia":[{"embeddable":true,"href":"https:\/\/www.medtechlabs.se\/sv\/wp-json\/wp\/v2\/media\/180"}],"wp:attachment":[{"href":"https:\/\/www.medtechlabs.se\/sv\/wp-json\/wp\/v2\/media?parent=1197"}],"wp:term":[{"taxonomy":"category","embeddable":true,"href":"https:\/\/www.medtechlabs.se\/sv\/wp-json\/wp\/v2\/categories?post=1197"},{"taxonomy":"post_tag","embeddable":true,"href":"https:\/\/www.medtechlabs.se\/sv\/wp-json\/wp\/v2\/tags?post=1197"}],"curies":[{"name":"wp","href":"https:\/\/api.w.org\/{rel}","templated":true}]}}