{"id":1402,"date":"2020-09-30T11:56:00","date_gmt":"2020-09-30T09:56:00","guid":{"rendered":"http:\/\/mtl.hamstage.hamrenmedia.se\/researchers-at-medtechlabs-uses-image-analysis-and-ai-to-understand-covid-19\/"},"modified":"2023-03-28T13:18:22","modified_gmt":"2023-03-28T11:18:22","slug":"forskare-vid-medtechlabs-anvander-bildanalys-och-ai-for-att-forsta-covid-19","status":"publish","type":"post","link":"https:\/\/www.medtechlabs.se\/sv\/forskare-vid-medtechlabs-anvander-bildanalys-och-ai-for-att-forsta-covid-19\/","title":{"rendered":"Forskare vid MedTechLabs anv\u00e4nder bildanalys och AI f\u00f6r att f\u00f6rst\u00e5 Covid-19"},"content":{"rendered":"\n<pre class=\"wp-block-hw-ingress-box\">Med hj\u00e4lp av bildanalys och artificiell intelligens ska forskare och personal fr\u00e5n KTH och Karolinska universitetssjukhuset vid MedTechLabs utv\u00e4rdera r\u00f6ntgenbilder f\u00f6r att f\u00f6rb\u00e4ttra v\u00e5rdsituationen.<\/pre>\n\n\n\n<p>Lungorna drabbas h\u00e5rt av det nya coronaviruset. Samtidigt ser sjukv\u00e5rd och forskare att det \u00e4r en skillnad mellan vad r\u00f6ntgenbilderna visar och hur patienten m\u00e5r.<\/p>\n\n\n\n<p>\u2013 Studier visar att AI kan skilja covid-19 fr\u00e5n andra typer av lunginflammation. V\u00e5rt m\u00e5l \u00e4r att f\u00f6rb\u00e4ttra tr\u00e4ffs\u00e4kerheten i diagnostiken ytterligare, s\u00e4ger Mats Danielsson, professor i medicinsk bildteknik vid KTH och forskare vid MedTechLabs i en artikel p\u00e5 KTH:s webbplats.<\/p>\n\n\n\n<p>L\u00e4s hela artikeln&nbsp;<a href=\"https:\/\/www.kth.se\/om\/nyheter\/centrala-nyheter\/bildanalys-och-ai-ska-radda-fler-coronapatienter-1.987755?fbclid=IwAR1KHfVtiqlWCVdfxiJzN7lAKLYvGDDXTF6rlTgt4G1LvLmK6M35su70PAs\">h\u00e4r<\/a><\/p>\n","protected":false},"excerpt":{"rendered":"<p>Lungorna drabbas h\u00e5rt av det nya coronaviruset. Samtidigt ser sjukv\u00e5rd och forskare att det \u00e4r en skillnad mellan vad r\u00f6ntgenbilderna visar och hur patienten m\u00e5r. \u2013 Studier visar att AI kan skilja covid-19 fr\u00e5n andra typer av lunginflammation. V\u00e5rt m\u00e5l \u00e4r att f\u00f6rb\u00e4ttra tr\u00e4ffs\u00e4kerheten i diagnostiken ytterligare, s\u00e4ger Mats Danielsson, professor i medicinsk bildteknik vid [&hellip;]<\/p>\n","protected":false},"author":1,"featured_media":1095,"comment_status":"closed","ping_status":"closed","sticky":false,"template":"","format":"standard","meta":{"_acf_changed":false,"footnotes":""},"categories":[25],"tags":[],"class_list":["post-1402","post","type-post","status-publish","format-standard","has-post-thumbnail","hentry","category-news-sv"],"acf":[],"yoast_head":"<!-- This site is optimized with the Yoast SEO plugin v27.1 - https:\/\/yoast.com\/product\/yoast-seo-wordpress\/ -->\n<title>Forskare vid MedTechLabs anv\u00e4nder bildanalys och AI f\u00f6r att f\u00f6rst\u00e5 Covid-19 - Medtechlabs<\/title>\n<meta name=\"robots\" content=\"index, follow, max-snippet:-1, max-image-preview:large, max-video-preview:-1\" \/>\n<link rel=\"canonical\" href=\"https:\/\/www.medtechlabs.se\/sv\/forskare-vid-medtechlabs-anvander-bildanalys-och-ai-for-att-forsta-covid-19\/\" \/>\n<meta property=\"og:locale\" content=\"sv_SE\" \/>\n<meta property=\"og:type\" content=\"article\" \/>\n<meta property=\"og:title\" content=\"Forskare vid MedTechLabs anv\u00e4nder bildanalys och AI f\u00f6r att f\u00f6rst\u00e5 Covid-19 - Medtechlabs\" \/>\n<meta property=\"og:description\" content=\"Lungorna drabbas h\u00e5rt av det nya coronaviruset. Samtidigt ser sjukv\u00e5rd och forskare att det \u00e4r en skillnad mellan vad r\u00f6ntgenbilderna visar och hur patienten m\u00e5r. \u2013 Studier visar att AI kan skilja covid-19 fr\u00e5n andra typer av lunginflammation. V\u00e5rt m\u00e5l \u00e4r att f\u00f6rb\u00e4ttra tr\u00e4ffs\u00e4kerheten i diagnostiken ytterligare, s\u00e4ger Mats Danielsson, professor i medicinsk bildteknik vid [&hellip;]\" \/>\n<meta property=\"og:url\" content=\"https:\/\/www.medtechlabs.se\/sv\/forskare-vid-medtechlabs-anvander-bildanalys-och-ai-for-att-forsta-covid-19\/\" \/>\n<meta property=\"og:site_name\" content=\"Medtechlabs\" \/>\n<meta property=\"article:published_time\" content=\"2020-09-30T09:56:00+00:00\" \/>\n<meta property=\"article:modified_time\" content=\"2023-03-28T11:18:22+00:00\" \/>\n<meta property=\"og:image\" content=\"https:\/\/www.medtechlabs.se\/wp-content\/uploads\/2023\/03\/Bildanalys-och-AI-ska-radda-fler-coronapatienter.jpg\" \/>\n\t<meta property=\"og:image:width\" content=\"1000\" \/>\n\t<meta property=\"og:image:height\" content=\"719\" \/>\n\t<meta property=\"og:image:type\" content=\"image\/jpeg\" \/>\n<meta name=\"author\" content=\"hamren\" \/>\n<meta name=\"twitter:card\" content=\"summary_large_image\" \/>\n<meta name=\"twitter:label1\" content=\"Skriven av\" \/>\n\t<meta name=\"twitter:data1\" content=\"hamren\" \/>\n\t<meta name=\"twitter:label2\" content=\"Ber\u00e4knad l\u00e4stid\" \/>\n\t<meta name=\"twitter:data2\" content=\"1 minut\" \/>\n<script type=\"application\/ld+json\" class=\"yoast-schema-graph\">{\"@context\":\"https:\/\/schema.org\",\"@graph\":[{\"@type\":\"Article\",\"@id\":\"https:\/\/www.medtechlabs.se\/sv\/forskare-vid-medtechlabs-anvander-bildanalys-och-ai-for-att-forsta-covid-19\/#article\",\"isPartOf\":{\"@id\":\"https:\/\/www.medtechlabs.se\/sv\/forskare-vid-medtechlabs-anvander-bildanalys-och-ai-for-att-forsta-covid-19\/\"},\"author\":{\"name\":\"hamren\",\"@id\":\"https:\/\/www.medtechlabs.se\/sv\/#\/schema\/person\/8f7c16e08edaff813068a2d6a1adb496\"},\"headline\":\"Forskare vid MedTechLabs anv\u00e4nder bildanalys och AI f\u00f6r att f\u00f6rst\u00e5 Covid-19\",\"datePublished\":\"2020-09-30T09:56:00+00:00\",\"dateModified\":\"2023-03-28T11:18:22+00:00\",\"mainEntityOfPage\":{\"@id\":\"https:\/\/www.medtechlabs.se\/sv\/forskare-vid-medtechlabs-anvander-bildanalys-och-ai-for-att-forsta-covid-19\/\"},\"wordCount\":99,\"publisher\":{\"@id\":\"https:\/\/www.medtechlabs.se\/sv\/#organization\"},\"image\":{\"@id\":\"https:\/\/www.medtechlabs.se\/sv\/forskare-vid-medtechlabs-anvander-bildanalys-och-ai-for-att-forsta-covid-19\/#primaryimage\"},\"thumbnailUrl\":\"https:\/\/www.medtechlabs.se\/wp-content\/uploads\/2023\/03\/Bildanalys-och-AI-ska-radda-fler-coronapatienter.jpg\",\"articleSection\":[\"Nyheter\"],\"inLanguage\":\"sv-SE\"},{\"@type\":\"WebPage\",\"@id\":\"https:\/\/www.medtechlabs.se\/sv\/forskare-vid-medtechlabs-anvander-bildanalys-och-ai-for-att-forsta-covid-19\/\",\"url\":\"https:\/\/www.medtechlabs.se\/sv\/forskare-vid-medtechlabs-anvander-bildanalys-och-ai-for-att-forsta-covid-19\/\",\"name\":\"Forskare vid MedTechLabs anv\u00e4nder bildanalys och AI f\u00f6r att f\u00f6rst\u00e5 Covid-19 - Medtechlabs\",\"isPartOf\":{\"@id\":\"https:\/\/www.medtechlabs.se\/sv\/#website\"},\"primaryImageOfPage\":{\"@id\":\"https:\/\/www.medtechlabs.se\/sv\/forskare-vid-medtechlabs-anvander-bildanalys-och-ai-for-att-forsta-covid-19\/#primaryimage\"},\"image\":{\"@id\":\"https:\/\/www.medtechlabs.se\/sv\/forskare-vid-medtechlabs-anvander-bildanalys-och-ai-for-att-forsta-covid-19\/#primaryimage\"},\"thumbnailUrl\":\"https:\/\/www.medtechlabs.se\/wp-content\/uploads\/2023\/03\/Bildanalys-och-AI-ska-radda-fler-coronapatienter.jpg\",\"datePublished\":\"2020-09-30T09:56:00+00:00\",\"dateModified\":\"2023-03-28T11:18:22+00:00\",\"breadcrumb\":{\"@id\":\"https:\/\/www.medtechlabs.se\/sv\/forskare-vid-medtechlabs-anvander-bildanalys-och-ai-for-att-forsta-covid-19\/#breadcrumb\"},\"inLanguage\":\"sv-SE\",\"potentialAction\":[{\"@type\":\"ReadAction\",\"target\":[\"https:\/\/www.medtechlabs.se\/sv\/forskare-vid-medtechlabs-anvander-bildanalys-och-ai-for-att-forsta-covid-19\/\"]}]},{\"@type\":\"ImageObject\",\"inLanguage\":\"sv-SE\",\"@id\":\"https:\/\/www.medtechlabs.se\/sv\/forskare-vid-medtechlabs-anvander-bildanalys-och-ai-for-att-forsta-covid-19\/#primaryimage\",\"url\":\"https:\/\/www.medtechlabs.se\/wp-content\/uploads\/2023\/03\/Bildanalys-och-AI-ska-radda-fler-coronapatienter.jpg\",\"contentUrl\":\"https:\/\/www.medtechlabs.se\/wp-content\/uploads\/2023\/03\/Bildanalys-och-AI-ska-radda-fler-coronapatienter.jpg\",\"width\":1000,\"height\":719},{\"@type\":\"BreadcrumbList\",\"@id\":\"https:\/\/www.medtechlabs.se\/sv\/forskare-vid-medtechlabs-anvander-bildanalys-och-ai-for-att-forsta-covid-19\/#breadcrumb\",\"itemListElement\":[{\"@type\":\"ListItem\",\"position\":1,\"name\":\"Home\",\"item\":\"https:\/\/www.medtechlabs.se\/sv\/\"},{\"@type\":\"ListItem\",\"position\":2,\"name\":\"Forskare vid MedTechLabs anv\u00e4nder bildanalys och AI f\u00f6r att f\u00f6rst\u00e5 Covid-19\"}]},{\"@type\":\"WebSite\",\"@id\":\"https:\/\/www.medtechlabs.se\/sv\/#website\",\"url\":\"https:\/\/www.medtechlabs.se\/sv\/\",\"name\":\"Medtechlabs\",\"description\":\"\",\"publisher\":{\"@id\":\"https:\/\/www.medtechlabs.se\/sv\/#organization\"},\"potentialAction\":[{\"@type\":\"SearchAction\",\"target\":{\"@type\":\"EntryPoint\",\"urlTemplate\":\"https:\/\/www.medtechlabs.se\/sv\/?s={search_term_string}\"},\"query-input\":{\"@type\":\"PropertyValueSpecification\",\"valueRequired\":true,\"valueName\":\"search_term_string\"}}],\"inLanguage\":\"sv-SE\"},{\"@type\":\"Organization\",\"@id\":\"https:\/\/www.medtechlabs.se\/sv\/#organization\",\"name\":\"Medtechlabs\",\"url\":\"https:\/\/www.medtechlabs.se\/sv\/\",\"logo\":{\"@type\":\"ImageObject\",\"inLanguage\":\"sv-SE\",\"@id\":\"https:\/\/www.medtechlabs.se\/sv\/#\/schema\/logo\/image\/\",\"url\":\"https:\/\/www.medtechlabs.se\/wp-content\/uploads\/2023\/02\/medtechlabs_logo_RGB_orange-65.png\",\"contentUrl\":\"https:\/\/www.medtechlabs.se\/wp-content\/uploads\/2023\/02\/medtechlabs_logo_RGB_orange-65.png\",\"width\":480,\"height\":60,\"caption\":\"Medtechlabs\"},\"image\":{\"@id\":\"https:\/\/www.medtechlabs.se\/sv\/#\/schema\/logo\/image\/\"}},{\"@type\":\"Person\",\"@id\":\"https:\/\/www.medtechlabs.se\/sv\/#\/schema\/person\/8f7c16e08edaff813068a2d6a1adb496\",\"name\":\"hamren\",\"image\":{\"@type\":\"ImageObject\",\"inLanguage\":\"sv-SE\",\"@id\":\"https:\/\/www.medtechlabs.se\/sv\/#\/schema\/person\/image\/\",\"url\":\"https:\/\/secure.gravatar.com\/avatar\/7057011de81052044391537cdb2a848061d23579e007d1cf6d51dfc39d69302e?s=96&d=mm&r=g\",\"contentUrl\":\"https:\/\/secure.gravatar.com\/avatar\/7057011de81052044391537cdb2a848061d23579e007d1cf6d51dfc39d69302e?s=96&d=mm&r=g\",\"caption\":\"hamren\"},\"sameAs\":[\"https:\/\/www.medtechlabs.se\"],\"url\":\"https:\/\/www.medtechlabs.se\/sv\/author\/hamren\/\"}]}<\/script>\n<!-- \/ Yoast SEO plugin. -->","yoast_head_json":{"title":"Forskare vid MedTechLabs anv\u00e4nder bildanalys och AI f\u00f6r att f\u00f6rst\u00e5 Covid-19 - Medtechlabs","robots":{"index":"index","follow":"follow","max-snippet":"max-snippet:-1","max-image-preview":"max-image-preview:large","max-video-preview":"max-video-preview:-1"},"canonical":"https:\/\/www.medtechlabs.se\/sv\/forskare-vid-medtechlabs-anvander-bildanalys-och-ai-for-att-forsta-covid-19\/","og_locale":"sv_SE","og_type":"article","og_title":"Forskare vid MedTechLabs anv\u00e4nder bildanalys och AI f\u00f6r att f\u00f6rst\u00e5 Covid-19 - Medtechlabs","og_description":"Lungorna drabbas h\u00e5rt av det nya coronaviruset. Samtidigt ser sjukv\u00e5rd och forskare att det \u00e4r en skillnad mellan vad r\u00f6ntgenbilderna visar och hur patienten m\u00e5r. \u2013 Studier visar att AI kan skilja covid-19 fr\u00e5n andra typer av lunginflammation. V\u00e5rt m\u00e5l \u00e4r att f\u00f6rb\u00e4ttra tr\u00e4ffs\u00e4kerheten i diagnostiken ytterligare, s\u00e4ger Mats Danielsson, professor i medicinsk bildteknik vid [&hellip;]","og_url":"https:\/\/www.medtechlabs.se\/sv\/forskare-vid-medtechlabs-anvander-bildanalys-och-ai-for-att-forsta-covid-19\/","og_site_name":"Medtechlabs","article_published_time":"2020-09-30T09:56:00+00:00","article_modified_time":"2023-03-28T11:18:22+00:00","og_image":[{"width":1000,"height":719,"url":"https:\/\/www.medtechlabs.se\/wp-content\/uploads\/2023\/03\/Bildanalys-och-AI-ska-radda-fler-coronapatienter.jpg","type":"image\/jpeg"}],"author":"hamren","twitter_card":"summary_large_image","twitter_misc":{"Skriven av":"hamren","Ber\u00e4knad l\u00e4stid":"1 minut"},"schema":{"@context":"https:\/\/schema.org","@graph":[{"@type":"Article","@id":"https:\/\/www.medtechlabs.se\/sv\/forskare-vid-medtechlabs-anvander-bildanalys-och-ai-for-att-forsta-covid-19\/#article","isPartOf":{"@id":"https:\/\/www.medtechlabs.se\/sv\/forskare-vid-medtechlabs-anvander-bildanalys-och-ai-for-att-forsta-covid-19\/"},"author":{"name":"hamren","@id":"https:\/\/www.medtechlabs.se\/sv\/#\/schema\/person\/8f7c16e08edaff813068a2d6a1adb496"},"headline":"Forskare vid MedTechLabs anv\u00e4nder bildanalys och AI f\u00f6r att f\u00f6rst\u00e5 Covid-19","datePublished":"2020-09-30T09:56:00+00:00","dateModified":"2023-03-28T11:18:22+00:00","mainEntityOfPage":{"@id":"https:\/\/www.medtechlabs.se\/sv\/forskare-vid-medtechlabs-anvander-bildanalys-och-ai-for-att-forsta-covid-19\/"},"wordCount":99,"publisher":{"@id":"https:\/\/www.medtechlabs.se\/sv\/#organization"},"image":{"@id":"https:\/\/www.medtechlabs.se\/sv\/forskare-vid-medtechlabs-anvander-bildanalys-och-ai-for-att-forsta-covid-19\/#primaryimage"},"thumbnailUrl":"https:\/\/www.medtechlabs.se\/wp-content\/uploads\/2023\/03\/Bildanalys-och-AI-ska-radda-fler-coronapatienter.jpg","articleSection":["Nyheter"],"inLanguage":"sv-SE"},{"@type":"WebPage","@id":"https:\/\/www.medtechlabs.se\/sv\/forskare-vid-medtechlabs-anvander-bildanalys-och-ai-for-att-forsta-covid-19\/","url":"https:\/\/www.medtechlabs.se\/sv\/forskare-vid-medtechlabs-anvander-bildanalys-och-ai-for-att-forsta-covid-19\/","name":"Forskare vid MedTechLabs anv\u00e4nder bildanalys och AI f\u00f6r att f\u00f6rst\u00e5 Covid-19 - Medtechlabs","isPartOf":{"@id":"https:\/\/www.medtechlabs.se\/sv\/#website"},"primaryImageOfPage":{"@id":"https:\/\/www.medtechlabs.se\/sv\/forskare-vid-medtechlabs-anvander-bildanalys-och-ai-for-att-forsta-covid-19\/#primaryimage"},"image":{"@id":"https:\/\/www.medtechlabs.se\/sv\/forskare-vid-medtechlabs-anvander-bildanalys-och-ai-for-att-forsta-covid-19\/#primaryimage"},"thumbnailUrl":"https:\/\/www.medtechlabs.se\/wp-content\/uploads\/2023\/03\/Bildanalys-och-AI-ska-radda-fler-coronapatienter.jpg","datePublished":"2020-09-30T09:56:00+00:00","dateModified":"2023-03-28T11:18:22+00:00","breadcrumb":{"@id":"https:\/\/www.medtechlabs.se\/sv\/forskare-vid-medtechlabs-anvander-bildanalys-och-ai-for-att-forsta-covid-19\/#breadcrumb"},"inLanguage":"sv-SE","potentialAction":[{"@type":"ReadAction","target":["https:\/\/www.medtechlabs.se\/sv\/forskare-vid-medtechlabs-anvander-bildanalys-och-ai-for-att-forsta-covid-19\/"]}]},{"@type":"ImageObject","inLanguage":"sv-SE","@id":"https:\/\/www.medtechlabs.se\/sv\/forskare-vid-medtechlabs-anvander-bildanalys-och-ai-for-att-forsta-covid-19\/#primaryimage","url":"https:\/\/www.medtechlabs.se\/wp-content\/uploads\/2023\/03\/Bildanalys-och-AI-ska-radda-fler-coronapatienter.jpg","contentUrl":"https:\/\/www.medtechlabs.se\/wp-content\/uploads\/2023\/03\/Bildanalys-och-AI-ska-radda-fler-coronapatienter.jpg","width":1000,"height":719},{"@type":"BreadcrumbList","@id":"https:\/\/www.medtechlabs.se\/sv\/forskare-vid-medtechlabs-anvander-bildanalys-och-ai-for-att-forsta-covid-19\/#breadcrumb","itemListElement":[{"@type":"ListItem","position":1,"name":"Home","item":"https:\/\/www.medtechlabs.se\/sv\/"},{"@type":"ListItem","position":2,"name":"Forskare vid MedTechLabs anv\u00e4nder bildanalys och AI f\u00f6r att f\u00f6rst\u00e5 Covid-19"}]},{"@type":"WebSite","@id":"https:\/\/www.medtechlabs.se\/sv\/#website","url":"https:\/\/www.medtechlabs.se\/sv\/","name":"Medtechlabs","description":"","publisher":{"@id":"https:\/\/www.medtechlabs.se\/sv\/#organization"},"potentialAction":[{"@type":"SearchAction","target":{"@type":"EntryPoint","urlTemplate":"https:\/\/www.medtechlabs.se\/sv\/?s={search_term_string}"},"query-input":{"@type":"PropertyValueSpecification","valueRequired":true,"valueName":"search_term_string"}}],"inLanguage":"sv-SE"},{"@type":"Organization","@id":"https:\/\/www.medtechlabs.se\/sv\/#organization","name":"Medtechlabs","url":"https:\/\/www.medtechlabs.se\/sv\/","logo":{"@type":"ImageObject","inLanguage":"sv-SE","@id":"https:\/\/www.medtechlabs.se\/sv\/#\/schema\/logo\/image\/","url":"https:\/\/www.medtechlabs.se\/wp-content\/uploads\/2023\/02\/medtechlabs_logo_RGB_orange-65.png","contentUrl":"https:\/\/www.medtechlabs.se\/wp-content\/uploads\/2023\/02\/medtechlabs_logo_RGB_orange-65.png","width":480,"height":60,"caption":"Medtechlabs"},"image":{"@id":"https:\/\/www.medtechlabs.se\/sv\/#\/schema\/logo\/image\/"}},{"@type":"Person","@id":"https:\/\/www.medtechlabs.se\/sv\/#\/schema\/person\/8f7c16e08edaff813068a2d6a1adb496","name":"hamren","image":{"@type":"ImageObject","inLanguage":"sv-SE","@id":"https:\/\/www.medtechlabs.se\/sv\/#\/schema\/person\/image\/","url":"https:\/\/secure.gravatar.com\/avatar\/7057011de81052044391537cdb2a848061d23579e007d1cf6d51dfc39d69302e?s=96&d=mm&r=g","contentUrl":"https:\/\/secure.gravatar.com\/avatar\/7057011de81052044391537cdb2a848061d23579e007d1cf6d51dfc39d69302e?s=96&d=mm&r=g","caption":"hamren"},"sameAs":["https:\/\/www.medtechlabs.se"],"url":"https:\/\/www.medtechlabs.se\/sv\/author\/hamren\/"}]}},"_links":{"self":[{"href":"https:\/\/www.medtechlabs.se\/sv\/wp-json\/wp\/v2\/posts\/1402","targetHints":{"allow":["GET"]}}],"collection":[{"href":"https:\/\/www.medtechlabs.se\/sv\/wp-json\/wp\/v2\/posts"}],"about":[{"href":"https:\/\/www.medtechlabs.se\/sv\/wp-json\/wp\/v2\/types\/post"}],"author":[{"embeddable":true,"href":"https:\/\/www.medtechlabs.se\/sv\/wp-json\/wp\/v2\/users\/1"}],"replies":[{"embeddable":true,"href":"https:\/\/www.medtechlabs.se\/sv\/wp-json\/wp\/v2\/comments?post=1402"}],"version-history":[{"count":1,"href":"https:\/\/www.medtechlabs.se\/sv\/wp-json\/wp\/v2\/posts\/1402\/revisions"}],"predecessor-version":[{"id":1403,"href":"https:\/\/www.medtechlabs.se\/sv\/wp-json\/wp\/v2\/posts\/1402\/revisions\/1403"}],"wp:featuredmedia":[{"embeddable":true,"href":"https:\/\/www.medtechlabs.se\/sv\/wp-json\/wp\/v2\/media\/1095"}],"wp:attachment":[{"href":"https:\/\/www.medtechlabs.se\/sv\/wp-json\/wp\/v2\/media?parent=1402"}],"wp:term":[{"taxonomy":"category","embeddable":true,"href":"https:\/\/www.medtechlabs.se\/sv\/wp-json\/wp\/v2\/categories?post=1402"},{"taxonomy":"post_tag","embeddable":true,"href":"https:\/\/www.medtechlabs.se\/sv\/wp-json\/wp\/v2\/tags?post=1402"}],"curies":[{"name":"wp","href":"https:\/\/api.w.org\/{rel}","templated":true}]}}