{"id":2359,"date":"2023-07-13T10:44:39","date_gmt":"2023-07-13T08:44:39","guid":{"rendered":"https:\/\/www.medtechlabs.se\/?p=2359"},"modified":"2023-11-21T20:30:24","modified_gmt":"2023-11-21T19:30:24","slug":"mats-danielsson-och-staffan-holmin-i-seminarium-om-precisionsmedicin","status":"publish","type":"post","link":"https:\/\/www.medtechlabs.se\/sv\/mats-danielsson-och-staffan-holmin-i-seminarium-om-precisionsmedicin\/","title":{"rendered":"Seminarium | Fr\u00e5n frontlinje till rutinsjukv\u00e5rd"},"content":{"rendered":"\n<pre class=\"wp-block-hw-ingress-box\">Har vi r\u00e4tt organisation f\u00f6r den h\u00f6gspecialiserade v\u00e5rden i Sverige med sju universitetssjukhus som just nu befinner sig i dragkamp om de h\u00f6gspecialiserade uppdragen?<\/pre>\n\n\n\n<p>Den fr\u00e5gan behandlades p\u00e5 det Almedalsseminarium d\u00e4r Staffan Holmin och Mats Danielsson medverkade: &#8221;Fr\u00e5n frontlinje till rutinsjukv\u00e5rd. Hur skapas framtidens spetssjukv\u00e5rd?&#8221;. I panelen deltog \u00e4ven Acko Ankarberg Johansson, sjukv\u00e5rdsminister, Bj\u00f6rn Zo\u00ebga, sjukhusdirekt\u00f6r, Karolinska Universitetssjukhuset, Annika \u00d6stman Wernerson, rektor, Karolinska Institutet, Olivia Wigzell, generaldirekt\u00f6r, Socialstyrelsen.<\/p>\n\n\n\n<figure class=\"wp-block-image size-large\"><img fetchpriority=\"high\" decoding=\"async\" width=\"1024\" height=\"673\" src=\"https:\/\/www.medtechlabs.se\/wp-content\/uploads\/2023\/07\/Mats-och-Staffan-1024x673.jpg\" alt=\"Portrait picture of Mats Danielsson and Staffan Holmin\" class=\"wp-image-2357\" srcset=\"https:\/\/www.medtechlabs.se\/wp-content\/uploads\/2023\/07\/Mats-och-Staffan-1024x673.jpg 1024w, https:\/\/www.medtechlabs.se\/wp-content\/uploads\/2023\/07\/Mats-och-Staffan-300x197.jpg 300w, https:\/\/www.medtechlabs.se\/wp-content\/uploads\/2023\/07\/Mats-och-Staffan-768x505.jpg 768w, https:\/\/www.medtechlabs.se\/wp-content\/uploads\/2023\/07\/Mats-och-Staffan-1536x1009.jpg 1536w, https:\/\/www.medtechlabs.se\/wp-content\/uploads\/2023\/07\/Mats-och-Staffan-600x394.jpg 600w, https:\/\/www.medtechlabs.se\/wp-content\/uploads\/2023\/07\/Mats-och-Staffan.jpg 2000w\" sizes=\"(max-width: 1024px) 100vw, 1024px\" \/><\/figure>\n\n\n\n<p>Seminariet arrangerades av Karolinska Universitetssjukhuset och Dagens Medicin. Modererade gjorde Nina Hedlund. H\u00e4r \u00e4r en webbl\u00e4nk till seminariet (p\u00e5 svenska): <a href=\"https:\/\/almedalsveckanplay.info\/66956\">https:\/\/almedalsveckanplay.info\/66956<\/a><\/p>\n","protected":false},"excerpt":{"rendered":"<p>Den fr\u00e5gan behandlades p\u00e5 det Almedalsseminarium d\u00e4r Staffan Holmin och Mats Danielsson medverkade: &#8221;Fr\u00e5n frontlinje till rutinsjukv\u00e5rd. Hur skapas framtidens spetssjukv\u00e5rd?&#8221;. I panelen deltog \u00e4ven Acko Ankarberg Johansson, sjukv\u00e5rdsminister, Bj\u00f6rn Zo\u00ebga, sjukhusdirekt\u00f6r, Karolinska Universitetssjukhuset, Annika \u00d6stman Wernerson, rektor, Karolinska Institutet, Olivia Wigzell, generaldirekt\u00f6r, Socialstyrelsen. Seminariet arrangerades av Karolinska Universitetssjukhuset och Dagens Medicin. Modererade gjorde Nina [&hellip;]<\/p>\n","protected":false},"author":3,"featured_media":2357,"comment_status":"closed","ping_status":"closed","sticky":true,"template":"","format":"standard","meta":{"_acf_changed":false,"footnotes":""},"categories":[25],"tags":[96,94,95],"class_list":["post-2359","post","type-post","status-publish","format-standard","has-post-thumbnail","hentry","category-news-sv","tag-almedalen","tag-halso-och-sjukvard","tag-precisionsmedicin"],"acf":[],"yoast_head":"<!-- This site is optimized with the Yoast SEO plugin v27.1 - https:\/\/yoast.com\/product\/yoast-seo-wordpress\/ -->\n<title>Seminarium | Fr\u00e5n frontlinje till rutinsjukv\u00e5rd - Medtechlabs<\/title>\n<meta name=\"description\" content=\"Titta p\u00e5 seminariet &quot;Fr\u00e5n frontlinje till rutinsjukv\u00e5rd&quot;, Almedalen i juni 2023, d\u00e4r Mats Danielsson och Staffan Holmin medverkar.\" \/>\n<meta name=\"robots\" content=\"index, follow, max-snippet:-1, max-image-preview:large, max-video-preview:-1\" \/>\n<link rel=\"canonical\" href=\"https:\/\/www.medtechlabs.se\/sv\/mats-danielsson-och-staffan-holmin-i-seminarium-om-precisionsmedicin\/\" \/>\n<meta property=\"og:locale\" content=\"sv_SE\" \/>\n<meta property=\"og:type\" content=\"article\" \/>\n<meta property=\"og:title\" content=\"Seminarium | Fr\u00e5n frontlinje till rutinsjukv\u00e5rd - Medtechlabs\" \/>\n<meta property=\"og:description\" content=\"Titta p\u00e5 seminariet &quot;Fr\u00e5n frontlinje till rutinsjukv\u00e5rd&quot;, Almedalen i juni 2023, d\u00e4r Mats Danielsson och Staffan Holmin medverkar.\" \/>\n<meta property=\"og:url\" content=\"https:\/\/www.medtechlabs.se\/sv\/mats-danielsson-och-staffan-holmin-i-seminarium-om-precisionsmedicin\/\" \/>\n<meta property=\"og:site_name\" content=\"Medtechlabs\" \/>\n<meta property=\"article:published_time\" content=\"2023-07-13T08:44:39+00:00\" \/>\n<meta property=\"article:modified_time\" content=\"2023-11-21T19:30:24+00:00\" \/>\n<meta property=\"og:image\" content=\"https:\/\/www.medtechlabs.se\/wp-content\/uploads\/2023\/07\/Mats-och-Staffan.jpg\" \/>\n\t<meta property=\"og:image:width\" content=\"2000\" \/>\n\t<meta property=\"og:image:height\" content=\"1314\" \/>\n\t<meta property=\"og:image:type\" content=\"image\/jpeg\" \/>\n<meta name=\"author\" content=\"Johan\" \/>\n<meta name=\"twitter:card\" content=\"summary_large_image\" \/>\n<meta name=\"twitter:label1\" content=\"Skriven av\" \/>\n\t<meta name=\"twitter:data1\" content=\"Johan\" \/>\n\t<meta name=\"twitter:label2\" content=\"Ber\u00e4knad l\u00e4stid\" \/>\n\t<meta name=\"twitter:data2\" content=\"1 minut\" \/>\n<script type=\"application\/ld+json\" class=\"yoast-schema-graph\">{\"@context\":\"https:\/\/schema.org\",\"@graph\":[{\"@type\":\"Article\",\"@id\":\"https:\/\/www.medtechlabs.se\/sv\/mats-danielsson-och-staffan-holmin-i-seminarium-om-precisionsmedicin\/#article\",\"isPartOf\":{\"@id\":\"https:\/\/www.medtechlabs.se\/sv\/mats-danielsson-och-staffan-holmin-i-seminarium-om-precisionsmedicin\/\"},\"author\":{\"name\":\"Johan\",\"@id\":\"https:\/\/www.medtechlabs.se\/sv\/#\/schema\/person\/5164789a9a48d4bedf24cca67128f230\"},\"headline\":\"Seminarium | Fr\u00e5n frontlinje till rutinsjukv\u00e5rd\",\"datePublished\":\"2023-07-13T08:44:39+00:00\",\"dateModified\":\"2023-11-21T19:30:24+00:00\",\"mainEntityOfPage\":{\"@id\":\"https:\/\/www.medtechlabs.se\/sv\/mats-danielsson-och-staffan-holmin-i-seminarium-om-precisionsmedicin\/\"},\"wordCount\":86,\"publisher\":{\"@id\":\"https:\/\/www.medtechlabs.se\/sv\/#organization\"},\"image\":{\"@id\":\"https:\/\/www.medtechlabs.se\/sv\/mats-danielsson-och-staffan-holmin-i-seminarium-om-precisionsmedicin\/#primaryimage\"},\"thumbnailUrl\":\"https:\/\/www.medtechlabs.se\/wp-content\/uploads\/2023\/07\/Mats-och-Staffan.jpg\",\"keywords\":[\"almedalen\",\"h\u00e4lso- och sjukv\u00e5rd\",\"precisionsmedicin\"],\"articleSection\":[\"Nyheter\"],\"inLanguage\":\"sv-SE\"},{\"@type\":\"WebPage\",\"@id\":\"https:\/\/www.medtechlabs.se\/sv\/mats-danielsson-och-staffan-holmin-i-seminarium-om-precisionsmedicin\/\",\"url\":\"https:\/\/www.medtechlabs.se\/sv\/mats-danielsson-och-staffan-holmin-i-seminarium-om-precisionsmedicin\/\",\"name\":\"Seminarium | Fr\u00e5n frontlinje till rutinsjukv\u00e5rd - Medtechlabs\",\"isPartOf\":{\"@id\":\"https:\/\/www.medtechlabs.se\/sv\/#website\"},\"primaryImageOfPage\":{\"@id\":\"https:\/\/www.medtechlabs.se\/sv\/mats-danielsson-och-staffan-holmin-i-seminarium-om-precisionsmedicin\/#primaryimage\"},\"image\":{\"@id\":\"https:\/\/www.medtechlabs.se\/sv\/mats-danielsson-och-staffan-holmin-i-seminarium-om-precisionsmedicin\/#primaryimage\"},\"thumbnailUrl\":\"https:\/\/www.medtechlabs.se\/wp-content\/uploads\/2023\/07\/Mats-och-Staffan.jpg\",\"datePublished\":\"2023-07-13T08:44:39+00:00\",\"dateModified\":\"2023-11-21T19:30:24+00:00\",\"description\":\"Titta p\u00e5 seminariet \\\"Fr\u00e5n frontlinje till rutinsjukv\u00e5rd\\\", Almedalen i juni 2023, d\u00e4r Mats Danielsson och Staffan Holmin medverkar.\",\"breadcrumb\":{\"@id\":\"https:\/\/www.medtechlabs.se\/sv\/mats-danielsson-och-staffan-holmin-i-seminarium-om-precisionsmedicin\/#breadcrumb\"},\"inLanguage\":\"sv-SE\",\"potentialAction\":[{\"@type\":\"ReadAction\",\"target\":[\"https:\/\/www.medtechlabs.se\/sv\/mats-danielsson-och-staffan-holmin-i-seminarium-om-precisionsmedicin\/\"]}]},{\"@type\":\"ImageObject\",\"inLanguage\":\"sv-SE\",\"@id\":\"https:\/\/www.medtechlabs.se\/sv\/mats-danielsson-och-staffan-holmin-i-seminarium-om-precisionsmedicin\/#primaryimage\",\"url\":\"https:\/\/www.medtechlabs.se\/wp-content\/uploads\/2023\/07\/Mats-och-Staffan.jpg\",\"contentUrl\":\"https:\/\/www.medtechlabs.se\/wp-content\/uploads\/2023\/07\/Mats-och-Staffan.jpg\",\"width\":2000,\"height\":1314,\"caption\":\"Portrait picture of Mats Danielsson and Staffan Holmin\"},{\"@type\":\"BreadcrumbList\",\"@id\":\"https:\/\/www.medtechlabs.se\/sv\/mats-danielsson-och-staffan-holmin-i-seminarium-om-precisionsmedicin\/#breadcrumb\",\"itemListElement\":[{\"@type\":\"ListItem\",\"position\":1,\"name\":\"Home\",\"item\":\"https:\/\/www.medtechlabs.se\/sv\/\"},{\"@type\":\"ListItem\",\"position\":2,\"name\":\"Seminarium | Fr\u00e5n frontlinje till rutinsjukv\u00e5rd\"}]},{\"@type\":\"WebSite\",\"@id\":\"https:\/\/www.medtechlabs.se\/sv\/#website\",\"url\":\"https:\/\/www.medtechlabs.se\/sv\/\",\"name\":\"Medtechlabs\",\"description\":\"\",\"publisher\":{\"@id\":\"https:\/\/www.medtechlabs.se\/sv\/#organization\"},\"potentialAction\":[{\"@type\":\"SearchAction\",\"target\":{\"@type\":\"EntryPoint\",\"urlTemplate\":\"https:\/\/www.medtechlabs.se\/sv\/?s={search_term_string}\"},\"query-input\":{\"@type\":\"PropertyValueSpecification\",\"valueRequired\":true,\"valueName\":\"search_term_string\"}}],\"inLanguage\":\"sv-SE\"},{\"@type\":\"Organization\",\"@id\":\"https:\/\/www.medtechlabs.se\/sv\/#organization\",\"name\":\"Medtechlabs\",\"url\":\"https:\/\/www.medtechlabs.se\/sv\/\",\"logo\":{\"@type\":\"ImageObject\",\"inLanguage\":\"sv-SE\",\"@id\":\"https:\/\/www.medtechlabs.se\/sv\/#\/schema\/logo\/image\/\",\"url\":\"https:\/\/www.medtechlabs.se\/wp-content\/uploads\/2023\/02\/medtechlabs_logo_RGB_orange-65.png\",\"contentUrl\":\"https:\/\/www.medtechlabs.se\/wp-content\/uploads\/2023\/02\/medtechlabs_logo_RGB_orange-65.png\",\"width\":480,\"height\":60,\"caption\":\"Medtechlabs\"},\"image\":{\"@id\":\"https:\/\/www.medtechlabs.se\/sv\/#\/schema\/logo\/image\/\"}},{\"@type\":\"Person\",\"@id\":\"https:\/\/www.medtechlabs.se\/sv\/#\/schema\/person\/5164789a9a48d4bedf24cca67128f230\",\"name\":\"Johan\",\"image\":{\"@type\":\"ImageObject\",\"inLanguage\":\"sv-SE\",\"@id\":\"https:\/\/www.medtechlabs.se\/sv\/#\/schema\/person\/image\/\",\"url\":\"https:\/\/secure.gravatar.com\/avatar\/95e77e2e923d69e43fa50f070b9f931e9394f9520a9694e19a99e0f6077c1d6f?s=96&d=mm&r=g\",\"contentUrl\":\"https:\/\/secure.gravatar.com\/avatar\/95e77e2e923d69e43fa50f070b9f931e9394f9520a9694e19a99e0f6077c1d6f?s=96&d=mm&r=g\",\"caption\":\"Johan\"},\"url\":\"https:\/\/www.medtechlabs.se\/sv\/author\/jschuber\/\"}]}<\/script>\n<!-- \/ Yoast SEO plugin. -->","yoast_head_json":{"title":"Seminarium | Fr\u00e5n frontlinje till rutinsjukv\u00e5rd - Medtechlabs","description":"Titta p\u00e5 seminariet \"Fr\u00e5n frontlinje till rutinsjukv\u00e5rd\", Almedalen i juni 2023, d\u00e4r Mats Danielsson och Staffan Holmin medverkar.","robots":{"index":"index","follow":"follow","max-snippet":"max-snippet:-1","max-image-preview":"max-image-preview:large","max-video-preview":"max-video-preview:-1"},"canonical":"https:\/\/www.medtechlabs.se\/sv\/mats-danielsson-och-staffan-holmin-i-seminarium-om-precisionsmedicin\/","og_locale":"sv_SE","og_type":"article","og_title":"Seminarium | Fr\u00e5n frontlinje till rutinsjukv\u00e5rd - Medtechlabs","og_description":"Titta p\u00e5 seminariet \"Fr\u00e5n frontlinje till rutinsjukv\u00e5rd\", Almedalen i juni 2023, d\u00e4r Mats Danielsson och Staffan Holmin medverkar.","og_url":"https:\/\/www.medtechlabs.se\/sv\/mats-danielsson-och-staffan-holmin-i-seminarium-om-precisionsmedicin\/","og_site_name":"Medtechlabs","article_published_time":"2023-07-13T08:44:39+00:00","article_modified_time":"2023-11-21T19:30:24+00:00","og_image":[{"width":2000,"height":1314,"url":"https:\/\/www.medtechlabs.se\/wp-content\/uploads\/2023\/07\/Mats-och-Staffan.jpg","type":"image\/jpeg"}],"author":"Johan","twitter_card":"summary_large_image","twitter_misc":{"Skriven av":"Johan","Ber\u00e4knad l\u00e4stid":"1 minut"},"schema":{"@context":"https:\/\/schema.org","@graph":[{"@type":"Article","@id":"https:\/\/www.medtechlabs.se\/sv\/mats-danielsson-och-staffan-holmin-i-seminarium-om-precisionsmedicin\/#article","isPartOf":{"@id":"https:\/\/www.medtechlabs.se\/sv\/mats-danielsson-och-staffan-holmin-i-seminarium-om-precisionsmedicin\/"},"author":{"name":"Johan","@id":"https:\/\/www.medtechlabs.se\/sv\/#\/schema\/person\/5164789a9a48d4bedf24cca67128f230"},"headline":"Seminarium | Fr\u00e5n frontlinje till rutinsjukv\u00e5rd","datePublished":"2023-07-13T08:44:39+00:00","dateModified":"2023-11-21T19:30:24+00:00","mainEntityOfPage":{"@id":"https:\/\/www.medtechlabs.se\/sv\/mats-danielsson-och-staffan-holmin-i-seminarium-om-precisionsmedicin\/"},"wordCount":86,"publisher":{"@id":"https:\/\/www.medtechlabs.se\/sv\/#organization"},"image":{"@id":"https:\/\/www.medtechlabs.se\/sv\/mats-danielsson-och-staffan-holmin-i-seminarium-om-precisionsmedicin\/#primaryimage"},"thumbnailUrl":"https:\/\/www.medtechlabs.se\/wp-content\/uploads\/2023\/07\/Mats-och-Staffan.jpg","keywords":["almedalen","h\u00e4lso- och sjukv\u00e5rd","precisionsmedicin"],"articleSection":["Nyheter"],"inLanguage":"sv-SE"},{"@type":"WebPage","@id":"https:\/\/www.medtechlabs.se\/sv\/mats-danielsson-och-staffan-holmin-i-seminarium-om-precisionsmedicin\/","url":"https:\/\/www.medtechlabs.se\/sv\/mats-danielsson-och-staffan-holmin-i-seminarium-om-precisionsmedicin\/","name":"Seminarium | Fr\u00e5n frontlinje till rutinsjukv\u00e5rd - Medtechlabs","isPartOf":{"@id":"https:\/\/www.medtechlabs.se\/sv\/#website"},"primaryImageOfPage":{"@id":"https:\/\/www.medtechlabs.se\/sv\/mats-danielsson-och-staffan-holmin-i-seminarium-om-precisionsmedicin\/#primaryimage"},"image":{"@id":"https:\/\/www.medtechlabs.se\/sv\/mats-danielsson-och-staffan-holmin-i-seminarium-om-precisionsmedicin\/#primaryimage"},"thumbnailUrl":"https:\/\/www.medtechlabs.se\/wp-content\/uploads\/2023\/07\/Mats-och-Staffan.jpg","datePublished":"2023-07-13T08:44:39+00:00","dateModified":"2023-11-21T19:30:24+00:00","description":"Titta p\u00e5 seminariet \"Fr\u00e5n frontlinje till rutinsjukv\u00e5rd\", Almedalen i juni 2023, d\u00e4r Mats Danielsson och Staffan Holmin medverkar.","breadcrumb":{"@id":"https:\/\/www.medtechlabs.se\/sv\/mats-danielsson-och-staffan-holmin-i-seminarium-om-precisionsmedicin\/#breadcrumb"},"inLanguage":"sv-SE","potentialAction":[{"@type":"ReadAction","target":["https:\/\/www.medtechlabs.se\/sv\/mats-danielsson-och-staffan-holmin-i-seminarium-om-precisionsmedicin\/"]}]},{"@type":"ImageObject","inLanguage":"sv-SE","@id":"https:\/\/www.medtechlabs.se\/sv\/mats-danielsson-och-staffan-holmin-i-seminarium-om-precisionsmedicin\/#primaryimage","url":"https:\/\/www.medtechlabs.se\/wp-content\/uploads\/2023\/07\/Mats-och-Staffan.jpg","contentUrl":"https:\/\/www.medtechlabs.se\/wp-content\/uploads\/2023\/07\/Mats-och-Staffan.jpg","width":2000,"height":1314,"caption":"Portrait picture of Mats Danielsson and Staffan Holmin"},{"@type":"BreadcrumbList","@id":"https:\/\/www.medtechlabs.se\/sv\/mats-danielsson-och-staffan-holmin-i-seminarium-om-precisionsmedicin\/#breadcrumb","itemListElement":[{"@type":"ListItem","position":1,"name":"Home","item":"https:\/\/www.medtechlabs.se\/sv\/"},{"@type":"ListItem","position":2,"name":"Seminarium | Fr\u00e5n frontlinje till rutinsjukv\u00e5rd"}]},{"@type":"WebSite","@id":"https:\/\/www.medtechlabs.se\/sv\/#website","url":"https:\/\/www.medtechlabs.se\/sv\/","name":"Medtechlabs","description":"","publisher":{"@id":"https:\/\/www.medtechlabs.se\/sv\/#organization"},"potentialAction":[{"@type":"SearchAction","target":{"@type":"EntryPoint","urlTemplate":"https:\/\/www.medtechlabs.se\/sv\/?s={search_term_string}"},"query-input":{"@type":"PropertyValueSpecification","valueRequired":true,"valueName":"search_term_string"}}],"inLanguage":"sv-SE"},{"@type":"Organization","@id":"https:\/\/www.medtechlabs.se\/sv\/#organization","name":"Medtechlabs","url":"https:\/\/www.medtechlabs.se\/sv\/","logo":{"@type":"ImageObject","inLanguage":"sv-SE","@id":"https:\/\/www.medtechlabs.se\/sv\/#\/schema\/logo\/image\/","url":"https:\/\/www.medtechlabs.se\/wp-content\/uploads\/2023\/02\/medtechlabs_logo_RGB_orange-65.png","contentUrl":"https:\/\/www.medtechlabs.se\/wp-content\/uploads\/2023\/02\/medtechlabs_logo_RGB_orange-65.png","width":480,"height":60,"caption":"Medtechlabs"},"image":{"@id":"https:\/\/www.medtechlabs.se\/sv\/#\/schema\/logo\/image\/"}},{"@type":"Person","@id":"https:\/\/www.medtechlabs.se\/sv\/#\/schema\/person\/5164789a9a48d4bedf24cca67128f230","name":"Johan","image":{"@type":"ImageObject","inLanguage":"sv-SE","@id":"https:\/\/www.medtechlabs.se\/sv\/#\/schema\/person\/image\/","url":"https:\/\/secure.gravatar.com\/avatar\/95e77e2e923d69e43fa50f070b9f931e9394f9520a9694e19a99e0f6077c1d6f?s=96&d=mm&r=g","contentUrl":"https:\/\/secure.gravatar.com\/avatar\/95e77e2e923d69e43fa50f070b9f931e9394f9520a9694e19a99e0f6077c1d6f?s=96&d=mm&r=g","caption":"Johan"},"url":"https:\/\/www.medtechlabs.se\/sv\/author\/jschuber\/"}]}},"_links":{"self":[{"href":"https:\/\/www.medtechlabs.se\/sv\/wp-json\/wp\/v2\/posts\/2359","targetHints":{"allow":["GET"]}}],"collection":[{"href":"https:\/\/www.medtechlabs.se\/sv\/wp-json\/wp\/v2\/posts"}],"about":[{"href":"https:\/\/www.medtechlabs.se\/sv\/wp-json\/wp\/v2\/types\/post"}],"author":[{"embeddable":true,"href":"https:\/\/www.medtechlabs.se\/sv\/wp-json\/wp\/v2\/users\/3"}],"replies":[{"embeddable":true,"href":"https:\/\/www.medtechlabs.se\/sv\/wp-json\/wp\/v2\/comments?post=2359"}],"version-history":[{"count":2,"href":"https:\/\/www.medtechlabs.se\/sv\/wp-json\/wp\/v2\/posts\/2359\/revisions"}],"predecessor-version":[{"id":2496,"href":"https:\/\/www.medtechlabs.se\/sv\/wp-json\/wp\/v2\/posts\/2359\/revisions\/2496"}],"wp:featuredmedia":[{"embeddable":true,"href":"https:\/\/www.medtechlabs.se\/sv\/wp-json\/wp\/v2\/media\/2357"}],"wp:attachment":[{"href":"https:\/\/www.medtechlabs.se\/sv\/wp-json\/wp\/v2\/media?parent=2359"}],"wp:term":[{"taxonomy":"category","embeddable":true,"href":"https:\/\/www.medtechlabs.se\/sv\/wp-json\/wp\/v2\/categories?post=2359"},{"taxonomy":"post_tag","embeddable":true,"href":"https:\/\/www.medtechlabs.se\/sv\/wp-json\/wp\/v2\/tags?post=2359"}],"curies":[{"name":"wp","href":"https:\/\/api.w.org\/{rel}","templated":true}]}}