{"id":2392,"date":"2023-08-30T19:38:26","date_gmt":"2023-08-30T17:38:26","guid":{"rendered":"https:\/\/www.medtechlabs.se\/?p=2392"},"modified":"2023-11-21T20:26:27","modified_gmt":"2023-11-21T19:26:27","slug":"ge-healthcares-hogsta-ledning-besoker-medtechlabs","status":"publish","type":"post","link":"https:\/\/www.medtechlabs.se\/sv\/ge-healthcares-hogsta-ledning-besoker-medtechlabs\/","title":{"rendered":"GE HealthCares VD bes\u00f6ker MedTechLabs"},"content":{"rendered":"\n<blockquote class=\"wp-block-quote is-layout-flow wp-block-quote-is-layout-flow\">\n<pre class=\"wp-block-hw-ingress-box\">Den 24 augusti fick MedTechLabs \u00e4ran att  vara en av de medicinska forskningsanl\u00e4ggningar i Stockholm och Uppsala som fick ta emot bes\u00f6k av GE HealthCares h\u00f6gsta ledning. Deras team f\u00f6rklarade att de var glada \u00f6ver att se framstegen i v\u00e4rldens f\u00f6rsta kliniska utv\u00e4rdering av v\u00e5r fotonr\u00e4knande datortomograf med kiseldetektorteknik, h\u00e4r vid BioClinicum.<br><\/pre>\n<\/blockquote>\n\n\n\n<p>Peter J Arduini, VD och koncernchef f\u00f6r GE Healthcare uppgav bland annat:<\/p>\n\n\n\n<p>&#8221;I b\u00f6rjan av min karri\u00e4r p\u00e5 GE HealthCare arbetade jag med datortomografi. Den h\u00e4r veckan var det sp\u00e4nnande att f\u00e5 vara i epicentrum f\u00f6r denna sp\u00e4nnande innovation, och jag ser fram emot den potentiella omvandling som den kommer att skapa f\u00f6r CT och f\u00f6rdelarna f\u00f6r patienter \u00f6ver hela v\u00e4rlden. Fotonr\u00e4kning har f\u00f6ruts\u00e4ttningar att ytterligare f\u00f6rb\u00e4ttra kapaciteten hos traditionell CT och \u00f6ka bildprestanda f\u00f6r onkologi, kardiologi, neurologi och m\u00e5nga andra kliniska CT-till\u00e4mpningar.&#8221;<\/p>\n\n\n\n<figure class=\"wp-block-gallery has-nested-images columns-default is-cropped wp-block-gallery-1 is-layout-flex wp-block-gallery-is-layout-flex\">\n<figure class=\"wp-block-image size-full\"><img fetchpriority=\"high\" decoding=\"async\" width=\"828\" height=\"621\" data-id=\"2393\" src=\"https:\/\/www.medtechlabs.se\/wp-content\/uploads\/2023\/08\/GE-HealtCare-visits-MedTechLabs.jpeg\" alt=\"Picture from visit from Ge HealtCare at MedTechLabs\" class=\"wp-image-2393\" srcset=\"https:\/\/www.medtechlabs.se\/wp-content\/uploads\/2023\/08\/GE-HealtCare-visits-MedTechLabs.jpeg 828w, https:\/\/www.medtechlabs.se\/wp-content\/uploads\/2023\/08\/GE-HealtCare-visits-MedTechLabs-300x225.jpeg 300w, https:\/\/www.medtechlabs.se\/wp-content\/uploads\/2023\/08\/GE-HealtCare-visits-MedTechLabs-768x576.jpeg 768w, https:\/\/www.medtechlabs.se\/wp-content\/uploads\/2023\/08\/GE-HealtCare-visits-MedTechLabs-600x450.jpeg 600w\" sizes=\"(max-width: 828px) 100vw, 828px\" \/><\/figure>\n<\/figure>\n\n\n\n<p><\/p>\n","protected":false},"excerpt":{"rendered":"<p>Peter J Arduini, VD och koncernchef f\u00f6r GE Healthcare uppgav bland annat: &#8221;I b\u00f6rjan av min karri\u00e4r p\u00e5 GE HealthCare arbetade jag med datortomografi. Den h\u00e4r veckan var det sp\u00e4nnande att f\u00e5 vara i epicentrum f\u00f6r denna sp\u00e4nnande innovation, och jag ser fram emot den potentiella omvandling som den kommer att skapa f\u00f6r CT och [&hellip;]<\/p>\n","protected":false},"author":3,"featured_media":2393,"comment_status":"closed","ping_status":"closed","sticky":true,"template":"","format":"standard","meta":{"_acf_changed":false,"footnotes":""},"categories":[25],"tags":[103,102],"class_list":["post-2392","post","type-post","status-publish","format-standard","has-post-thumbnail","hentry","category-news-sv","tag-ct-2","tag-hagastaden"],"acf":[],"yoast_head":"<!-- This site is optimized with the Yoast SEO plugin v27.1 - https:\/\/yoast.com\/product\/yoast-seo-wordpress\/ -->\n<title>GE HealthCares VD bes\u00f6ker MedTechLabs - Medtechlabs<\/title>\n<meta name=\"description\" content=\"GE HealthCares h\u00f6gsta ledning med VD och koncernchef Peter J Arduini, bes\u00f6kte MedTechLabs och BioClinicum i augusti\" \/>\n<meta name=\"robots\" content=\"index, follow, max-snippet:-1, max-image-preview:large, max-video-preview:-1\" \/>\n<link rel=\"canonical\" href=\"https:\/\/www.medtechlabs.se\/sv\/ge-healthcares-hogsta-ledning-besoker-medtechlabs\/\" \/>\n<meta property=\"og:locale\" content=\"sv_SE\" \/>\n<meta property=\"og:type\" content=\"article\" \/>\n<meta property=\"og:title\" content=\"GE HealthCares VD bes\u00f6ker MedTechLabs - Medtechlabs\" \/>\n<meta property=\"og:description\" content=\"GE HealthCares h\u00f6gsta ledning med VD och koncernchef Peter J Arduini, bes\u00f6kte MedTechLabs och BioClinicum i augusti\" \/>\n<meta property=\"og:url\" content=\"https:\/\/www.medtechlabs.se\/sv\/ge-healthcares-hogsta-ledning-besoker-medtechlabs\/\" \/>\n<meta property=\"og:site_name\" content=\"Medtechlabs\" \/>\n<meta property=\"article:published_time\" content=\"2023-08-30T17:38:26+00:00\" \/>\n<meta property=\"article:modified_time\" content=\"2023-11-21T19:26:27+00:00\" \/>\n<meta property=\"og:image\" content=\"https:\/\/www.medtechlabs.se\/wp-content\/uploads\/2023\/08\/GE-HealtCare-visits-MedTechLabs.jpeg\" \/>\n\t<meta property=\"og:image:width\" content=\"828\" \/>\n\t<meta property=\"og:image:height\" content=\"621\" \/>\n\t<meta property=\"og:image:type\" content=\"image\/jpeg\" \/>\n<meta name=\"author\" content=\"Johan\" \/>\n<meta name=\"twitter:card\" content=\"summary_large_image\" \/>\n<meta name=\"twitter:label1\" content=\"Skriven av\" \/>\n\t<meta name=\"twitter:data1\" content=\"Johan\" \/>\n\t<meta name=\"twitter:label2\" content=\"Ber\u00e4knad l\u00e4stid\" \/>\n\t<meta name=\"twitter:data2\" content=\"1 minut\" \/>\n<script type=\"application\/ld+json\" class=\"yoast-schema-graph\">{\"@context\":\"https:\/\/schema.org\",\"@graph\":[{\"@type\":\"Article\",\"@id\":\"https:\/\/www.medtechlabs.se\/sv\/ge-healthcares-hogsta-ledning-besoker-medtechlabs\/#article\",\"isPartOf\":{\"@id\":\"https:\/\/www.medtechlabs.se\/sv\/ge-healthcares-hogsta-ledning-besoker-medtechlabs\/\"},\"author\":{\"name\":\"Johan\",\"@id\":\"https:\/\/www.medtechlabs.se\/sv\/#\/schema\/person\/5164789a9a48d4bedf24cca67128f230\"},\"headline\":\"GE HealthCares VD bes\u00f6ker MedTechLabs\",\"datePublished\":\"2023-08-30T17:38:26+00:00\",\"dateModified\":\"2023-11-21T19:26:27+00:00\",\"mainEntityOfPage\":{\"@id\":\"https:\/\/www.medtechlabs.se\/sv\/ge-healthcares-hogsta-ledning-besoker-medtechlabs\/\"},\"wordCount\":108,\"publisher\":{\"@id\":\"https:\/\/www.medtechlabs.se\/sv\/#organization\"},\"image\":{\"@id\":\"https:\/\/www.medtechlabs.se\/sv\/ge-healthcares-hogsta-ledning-besoker-medtechlabs\/#primaryimage\"},\"thumbnailUrl\":\"https:\/\/www.medtechlabs.se\/wp-content\/uploads\/2023\/08\/GE-HealtCare-visits-MedTechLabs.jpeg\",\"keywords\":[\"CT\",\"Hagastaden\"],\"articleSection\":[\"Nyheter\"],\"inLanguage\":\"sv-SE\"},{\"@type\":\"WebPage\",\"@id\":\"https:\/\/www.medtechlabs.se\/sv\/ge-healthcares-hogsta-ledning-besoker-medtechlabs\/\",\"url\":\"https:\/\/www.medtechlabs.se\/sv\/ge-healthcares-hogsta-ledning-besoker-medtechlabs\/\",\"name\":\"GE HealthCares VD bes\u00f6ker MedTechLabs - Medtechlabs\",\"isPartOf\":{\"@id\":\"https:\/\/www.medtechlabs.se\/sv\/#website\"},\"primaryImageOfPage\":{\"@id\":\"https:\/\/www.medtechlabs.se\/sv\/ge-healthcares-hogsta-ledning-besoker-medtechlabs\/#primaryimage\"},\"image\":{\"@id\":\"https:\/\/www.medtechlabs.se\/sv\/ge-healthcares-hogsta-ledning-besoker-medtechlabs\/#primaryimage\"},\"thumbnailUrl\":\"https:\/\/www.medtechlabs.se\/wp-content\/uploads\/2023\/08\/GE-HealtCare-visits-MedTechLabs.jpeg\",\"datePublished\":\"2023-08-30T17:38:26+00:00\",\"dateModified\":\"2023-11-21T19:26:27+00:00\",\"description\":\"GE HealthCares h\u00f6gsta ledning med VD och koncernchef Peter J Arduini, bes\u00f6kte MedTechLabs och BioClinicum i augusti\",\"breadcrumb\":{\"@id\":\"https:\/\/www.medtechlabs.se\/sv\/ge-healthcares-hogsta-ledning-besoker-medtechlabs\/#breadcrumb\"},\"inLanguage\":\"sv-SE\",\"potentialAction\":[{\"@type\":\"ReadAction\",\"target\":[\"https:\/\/www.medtechlabs.se\/sv\/ge-healthcares-hogsta-ledning-besoker-medtechlabs\/\"]}]},{\"@type\":\"ImageObject\",\"inLanguage\":\"sv-SE\",\"@id\":\"https:\/\/www.medtechlabs.se\/sv\/ge-healthcares-hogsta-ledning-besoker-medtechlabs\/#primaryimage\",\"url\":\"https:\/\/www.medtechlabs.se\/wp-content\/uploads\/2023\/08\/GE-HealtCare-visits-MedTechLabs.jpeg\",\"contentUrl\":\"https:\/\/www.medtechlabs.se\/wp-content\/uploads\/2023\/08\/GE-HealtCare-visits-MedTechLabs.jpeg\",\"width\":828,\"height\":621},{\"@type\":\"BreadcrumbList\",\"@id\":\"https:\/\/www.medtechlabs.se\/sv\/ge-healthcares-hogsta-ledning-besoker-medtechlabs\/#breadcrumb\",\"itemListElement\":[{\"@type\":\"ListItem\",\"position\":1,\"name\":\"Home\",\"item\":\"https:\/\/www.medtechlabs.se\/sv\/\"},{\"@type\":\"ListItem\",\"position\":2,\"name\":\"GE HealthCares VD bes\u00f6ker MedTechLabs\"}]},{\"@type\":\"WebSite\",\"@id\":\"https:\/\/www.medtechlabs.se\/sv\/#website\",\"url\":\"https:\/\/www.medtechlabs.se\/sv\/\",\"name\":\"Medtechlabs\",\"description\":\"\",\"publisher\":{\"@id\":\"https:\/\/www.medtechlabs.se\/sv\/#organization\"},\"potentialAction\":[{\"@type\":\"SearchAction\",\"target\":{\"@type\":\"EntryPoint\",\"urlTemplate\":\"https:\/\/www.medtechlabs.se\/sv\/?s={search_term_string}\"},\"query-input\":{\"@type\":\"PropertyValueSpecification\",\"valueRequired\":true,\"valueName\":\"search_term_string\"}}],\"inLanguage\":\"sv-SE\"},{\"@type\":\"Organization\",\"@id\":\"https:\/\/www.medtechlabs.se\/sv\/#organization\",\"name\":\"Medtechlabs\",\"url\":\"https:\/\/www.medtechlabs.se\/sv\/\",\"logo\":{\"@type\":\"ImageObject\",\"inLanguage\":\"sv-SE\",\"@id\":\"https:\/\/www.medtechlabs.se\/sv\/#\/schema\/logo\/image\/\",\"url\":\"https:\/\/www.medtechlabs.se\/wp-content\/uploads\/2023\/02\/medtechlabs_logo_RGB_orange-65.png\",\"contentUrl\":\"https:\/\/www.medtechlabs.se\/wp-content\/uploads\/2023\/02\/medtechlabs_logo_RGB_orange-65.png\",\"width\":480,\"height\":60,\"caption\":\"Medtechlabs\"},\"image\":{\"@id\":\"https:\/\/www.medtechlabs.se\/sv\/#\/schema\/logo\/image\/\"}},{\"@type\":\"Person\",\"@id\":\"https:\/\/www.medtechlabs.se\/sv\/#\/schema\/person\/5164789a9a48d4bedf24cca67128f230\",\"name\":\"Johan\",\"image\":{\"@type\":\"ImageObject\",\"inLanguage\":\"sv-SE\",\"@id\":\"https:\/\/www.medtechlabs.se\/sv\/#\/schema\/person\/image\/\",\"url\":\"https:\/\/secure.gravatar.com\/avatar\/95e77e2e923d69e43fa50f070b9f931e9394f9520a9694e19a99e0f6077c1d6f?s=96&d=mm&r=g\",\"contentUrl\":\"https:\/\/secure.gravatar.com\/avatar\/95e77e2e923d69e43fa50f070b9f931e9394f9520a9694e19a99e0f6077c1d6f?s=96&d=mm&r=g\",\"caption\":\"Johan\"},\"url\":\"https:\/\/www.medtechlabs.se\/sv\/author\/jschuber\/\"}]}<\/script>\n<!-- \/ Yoast SEO plugin. -->","yoast_head_json":{"title":"GE HealthCares VD bes\u00f6ker MedTechLabs - Medtechlabs","description":"GE HealthCares h\u00f6gsta ledning med VD och koncernchef Peter J Arduini, bes\u00f6kte MedTechLabs och BioClinicum i augusti","robots":{"index":"index","follow":"follow","max-snippet":"max-snippet:-1","max-image-preview":"max-image-preview:large","max-video-preview":"max-video-preview:-1"},"canonical":"https:\/\/www.medtechlabs.se\/sv\/ge-healthcares-hogsta-ledning-besoker-medtechlabs\/","og_locale":"sv_SE","og_type":"article","og_title":"GE HealthCares VD bes\u00f6ker MedTechLabs - Medtechlabs","og_description":"GE HealthCares h\u00f6gsta ledning med VD och koncernchef Peter J Arduini, bes\u00f6kte MedTechLabs och BioClinicum i augusti","og_url":"https:\/\/www.medtechlabs.se\/sv\/ge-healthcares-hogsta-ledning-besoker-medtechlabs\/","og_site_name":"Medtechlabs","article_published_time":"2023-08-30T17:38:26+00:00","article_modified_time":"2023-11-21T19:26:27+00:00","og_image":[{"width":828,"height":621,"url":"https:\/\/www.medtechlabs.se\/wp-content\/uploads\/2023\/08\/GE-HealtCare-visits-MedTechLabs.jpeg","type":"image\/jpeg"}],"author":"Johan","twitter_card":"summary_large_image","twitter_misc":{"Skriven av":"Johan","Ber\u00e4knad l\u00e4stid":"1 minut"},"schema":{"@context":"https:\/\/schema.org","@graph":[{"@type":"Article","@id":"https:\/\/www.medtechlabs.se\/sv\/ge-healthcares-hogsta-ledning-besoker-medtechlabs\/#article","isPartOf":{"@id":"https:\/\/www.medtechlabs.se\/sv\/ge-healthcares-hogsta-ledning-besoker-medtechlabs\/"},"author":{"name":"Johan","@id":"https:\/\/www.medtechlabs.se\/sv\/#\/schema\/person\/5164789a9a48d4bedf24cca67128f230"},"headline":"GE HealthCares VD bes\u00f6ker MedTechLabs","datePublished":"2023-08-30T17:38:26+00:00","dateModified":"2023-11-21T19:26:27+00:00","mainEntityOfPage":{"@id":"https:\/\/www.medtechlabs.se\/sv\/ge-healthcares-hogsta-ledning-besoker-medtechlabs\/"},"wordCount":108,"publisher":{"@id":"https:\/\/www.medtechlabs.se\/sv\/#organization"},"image":{"@id":"https:\/\/www.medtechlabs.se\/sv\/ge-healthcares-hogsta-ledning-besoker-medtechlabs\/#primaryimage"},"thumbnailUrl":"https:\/\/www.medtechlabs.se\/wp-content\/uploads\/2023\/08\/GE-HealtCare-visits-MedTechLabs.jpeg","keywords":["CT","Hagastaden"],"articleSection":["Nyheter"],"inLanguage":"sv-SE"},{"@type":"WebPage","@id":"https:\/\/www.medtechlabs.se\/sv\/ge-healthcares-hogsta-ledning-besoker-medtechlabs\/","url":"https:\/\/www.medtechlabs.se\/sv\/ge-healthcares-hogsta-ledning-besoker-medtechlabs\/","name":"GE HealthCares VD bes\u00f6ker MedTechLabs - Medtechlabs","isPartOf":{"@id":"https:\/\/www.medtechlabs.se\/sv\/#website"},"primaryImageOfPage":{"@id":"https:\/\/www.medtechlabs.se\/sv\/ge-healthcares-hogsta-ledning-besoker-medtechlabs\/#primaryimage"},"image":{"@id":"https:\/\/www.medtechlabs.se\/sv\/ge-healthcares-hogsta-ledning-besoker-medtechlabs\/#primaryimage"},"thumbnailUrl":"https:\/\/www.medtechlabs.se\/wp-content\/uploads\/2023\/08\/GE-HealtCare-visits-MedTechLabs.jpeg","datePublished":"2023-08-30T17:38:26+00:00","dateModified":"2023-11-21T19:26:27+00:00","description":"GE HealthCares h\u00f6gsta ledning med VD och koncernchef Peter J Arduini, bes\u00f6kte MedTechLabs och BioClinicum i augusti","breadcrumb":{"@id":"https:\/\/www.medtechlabs.se\/sv\/ge-healthcares-hogsta-ledning-besoker-medtechlabs\/#breadcrumb"},"inLanguage":"sv-SE","potentialAction":[{"@type":"ReadAction","target":["https:\/\/www.medtechlabs.se\/sv\/ge-healthcares-hogsta-ledning-besoker-medtechlabs\/"]}]},{"@type":"ImageObject","inLanguage":"sv-SE","@id":"https:\/\/www.medtechlabs.se\/sv\/ge-healthcares-hogsta-ledning-besoker-medtechlabs\/#primaryimage","url":"https:\/\/www.medtechlabs.se\/wp-content\/uploads\/2023\/08\/GE-HealtCare-visits-MedTechLabs.jpeg","contentUrl":"https:\/\/www.medtechlabs.se\/wp-content\/uploads\/2023\/08\/GE-HealtCare-visits-MedTechLabs.jpeg","width":828,"height":621},{"@type":"BreadcrumbList","@id":"https:\/\/www.medtechlabs.se\/sv\/ge-healthcares-hogsta-ledning-besoker-medtechlabs\/#breadcrumb","itemListElement":[{"@type":"ListItem","position":1,"name":"Home","item":"https:\/\/www.medtechlabs.se\/sv\/"},{"@type":"ListItem","position":2,"name":"GE HealthCares VD bes\u00f6ker MedTechLabs"}]},{"@type":"WebSite","@id":"https:\/\/www.medtechlabs.se\/sv\/#website","url":"https:\/\/www.medtechlabs.se\/sv\/","name":"Medtechlabs","description":"","publisher":{"@id":"https:\/\/www.medtechlabs.se\/sv\/#organization"},"potentialAction":[{"@type":"SearchAction","target":{"@type":"EntryPoint","urlTemplate":"https:\/\/www.medtechlabs.se\/sv\/?s={search_term_string}"},"query-input":{"@type":"PropertyValueSpecification","valueRequired":true,"valueName":"search_term_string"}}],"inLanguage":"sv-SE"},{"@type":"Organization","@id":"https:\/\/www.medtechlabs.se\/sv\/#organization","name":"Medtechlabs","url":"https:\/\/www.medtechlabs.se\/sv\/","logo":{"@type":"ImageObject","inLanguage":"sv-SE","@id":"https:\/\/www.medtechlabs.se\/sv\/#\/schema\/logo\/image\/","url":"https:\/\/www.medtechlabs.se\/wp-content\/uploads\/2023\/02\/medtechlabs_logo_RGB_orange-65.png","contentUrl":"https:\/\/www.medtechlabs.se\/wp-content\/uploads\/2023\/02\/medtechlabs_logo_RGB_orange-65.png","width":480,"height":60,"caption":"Medtechlabs"},"image":{"@id":"https:\/\/www.medtechlabs.se\/sv\/#\/schema\/logo\/image\/"}},{"@type":"Person","@id":"https:\/\/www.medtechlabs.se\/sv\/#\/schema\/person\/5164789a9a48d4bedf24cca67128f230","name":"Johan","image":{"@type":"ImageObject","inLanguage":"sv-SE","@id":"https:\/\/www.medtechlabs.se\/sv\/#\/schema\/person\/image\/","url":"https:\/\/secure.gravatar.com\/avatar\/95e77e2e923d69e43fa50f070b9f931e9394f9520a9694e19a99e0f6077c1d6f?s=96&d=mm&r=g","contentUrl":"https:\/\/secure.gravatar.com\/avatar\/95e77e2e923d69e43fa50f070b9f931e9394f9520a9694e19a99e0f6077c1d6f?s=96&d=mm&r=g","caption":"Johan"},"url":"https:\/\/www.medtechlabs.se\/sv\/author\/jschuber\/"}]}},"_links":{"self":[{"href":"https:\/\/www.medtechlabs.se\/sv\/wp-json\/wp\/v2\/posts\/2392","targetHints":{"allow":["GET"]}}],"collection":[{"href":"https:\/\/www.medtechlabs.se\/sv\/wp-json\/wp\/v2\/posts"}],"about":[{"href":"https:\/\/www.medtechlabs.se\/sv\/wp-json\/wp\/v2\/types\/post"}],"author":[{"embeddable":true,"href":"https:\/\/www.medtechlabs.se\/sv\/wp-json\/wp\/v2\/users\/3"}],"replies":[{"embeddable":true,"href":"https:\/\/www.medtechlabs.se\/sv\/wp-json\/wp\/v2\/comments?post=2392"}],"version-history":[{"count":3,"href":"https:\/\/www.medtechlabs.se\/sv\/wp-json\/wp\/v2\/posts\/2392\/revisions"}],"predecessor-version":[{"id":2491,"href":"https:\/\/www.medtechlabs.se\/sv\/wp-json\/wp\/v2\/posts\/2392\/revisions\/2491"}],"wp:featuredmedia":[{"embeddable":true,"href":"https:\/\/www.medtechlabs.se\/sv\/wp-json\/wp\/v2\/media\/2393"}],"wp:attachment":[{"href":"https:\/\/www.medtechlabs.se\/sv\/wp-json\/wp\/v2\/media?parent=2392"}],"wp:term":[{"taxonomy":"category","embeddable":true,"href":"https:\/\/www.medtechlabs.se\/sv\/wp-json\/wp\/v2\/categories?post=2392"},{"taxonomy":"post_tag","embeddable":true,"href":"https:\/\/www.medtechlabs.se\/sv\/wp-json\/wp\/v2\/tags?post=2392"}],"curies":[{"name":"wp","href":"https:\/\/api.w.org\/{rel}","templated":true}]}}